{"id":4939,"date":"2019-10-29T14:26:00","date_gmt":"2019-10-29T14:26:00","guid":{"rendered":"http:\/\/lelabo.ca\/en\/?p=4939"},"modified":"2019-11-27T14:13:08","modified_gmt":"2019-11-27T14:13:08","slug":"initiation-a-la-photo-argentique-noir-et-blanc","status":"publish","type":"post","link":"https:\/\/lelabo.ca\/en\/initiation-a-la-photo-argentique-noir-et-blanc\/","title":{"rendered":"Initiation \u00e0 la photo argentique noir et blanc"},"content":{"rendered":"<h5><em>This workshop will be held in French only.<br \/>\n<\/em><\/h5>\n<h5>Atelier sur deux jours<br \/>\nSamedi 16 novembre 2019 10h \u00e0 17h<br \/>\nDimanche 17 novembre 2019 12h \u00e0 15h<br \/>\n110$ CAD non-membres \/90$ CAD membres<br \/>\nRegistration deadline: Tuesday, November 12th 2019<\/h5>\n<h3>avec <strong>Lise Beaudry<\/strong><\/h3>\n<p><img loading=\"lazy\" decoding=\"async\" class=\"size-large wp-image-9878 alignnone\" src=\"https:\/\/lelabo.ca\/fr\/wp-content\/uploads\/sites\/2\/2018\/12\/194-1024x682.jpg\" alt=\"Atelier_Photographie_argentique_noir_blanc_Lise_Beaudry_G44\" width=\"700\" height=\"466\" \/><\/p>\n<p><em>La galerie 44 en partenariat avec Le Labo propose un atelier de photographie en fran\u00e7ais:<\/em><\/p>\n<p><strong>Atelier en chambre noire: prise de vue, d\u00e9veloppement de film noir et blanc et tirage sur papier argentique<\/strong><\/p>\n<p>Initiation pratique \u00e0 la photographie noir et blanc pour les artistes qui s\u2019int\u00e9ressent \u00e0 l\u2019analogue.\u00a0 L\u2019atelier comprend le fonctionnement de l\u2019appareil photo, d\u00e9veloppement des films, tirage en chambre noire sur papier argentique 8&#215;10.\u00a0L&rsquo;atelier se d\u00e9roulera en tant que programme intensif sur deux jours les 16 et 17 novembre. A noter: l&rsquo;atelier sera dirig\u00e9 en fran\u00e7ais uniquement.<\/p>\n<p>L&rsquo;appareil photo 35mm, le film, les produits chimiques et le papier argentique seront fournis.<\/p>\n<p><a href=\"https:\/\/www.lisebeaudry.com\/\" target=\"_blank\" rel=\"noopener\"><strong>Lise Beaudry<\/strong><\/a> est originaire d\u2019Earlton, un petit village pr\u00e8s de la fronti\u00e8re du Qu\u00e9bec et de l\u2019Ontario. Ses \u0153uvres photographiques et vid\u00e9ographiques ont \u00e9t\u00e9 pr\u00e9sent\u00e9es dans des centres d\u2019artistes \u00e0 travers le Canada: A Space (Toronto), Grunt Gallery (Vancouver), La Galerie du Nouvel-Ontario (Sudbury) et AXEN\u00c9O7 (Gatineau) aussi bien qu\u2019\u00e0 l\u2019\u00e9tranger: \u00c9tats-Unis, Roumanie, Allemagne, et notamment aux Rencontres d\u2019Arles en France. Elle vit et travaille \u00e0 Toronto, o\u00f9 elle enseigne \u00e0 l\u2019Universit\u00e9 de Toronto \u00e0 Mississauga dans le programme d\u2019art et d\u2019histoire de l\u2019art.<\/p>\n<p><strong>Les places sont limit\u00e9es, r\u00e9servez maintenant votre place <a href=\"https:\/\/gallery44.org\/workshops\/new-initiation-la-photo-argentique-noir-et-blanc-co-presented-le-labo\" target=\"_blank\"><span style=\"text-decoration: underline;\">sur ce lien<\/span><\/a>.<\/strong><\/p>\n<div><img loading=\"lazy\" decoding=\"async\" src=\"https:\/\/gallery.mailchimp.com\/dabc87cd229ac6643050b18bd\/images\/b9684204-0846-4ca5-9603-b188132b8863.jpg\" alt=\"\" width=\"230\" height=\"58\" data-file-id=\"1726585\" data-cke-saved-src=\"https:\/\/gallery.mailchimp.com\/dabc87cd229ac6643050b18bd\/images\/b9684204-0846-4ca5-9603-b188132b8863.jpg\" \/><br \/>\nCet atelier vous est propos\u00e9 gr\u00e2ce au soutien du <a href=\"https:\/\/www.arts.on.ca\/\" target=\"_blank\" data-cke-saved-href=\"https:\/\/www.arts.on.ca\/\"><strong>Conseil des arts de l&rsquo;Ontario<\/strong><\/a>.<\/div>\n<p>&nbsp;<\/p>\n<p><img loading=\"lazy\" decoding=\"async\" class=\"alignleft size-medium wp-image-9888\" src=\"https:\/\/lelabo.ca\/fr\/wp-content\/uploads\/sites\/2\/2018\/12\/G44-300x120.png\" alt=\"G44\" width=\"300\" height=\"120\" \/><\/p>\n","protected":false},"excerpt":{"rendered":"<p>This workshop will be held in French only. Atelier sur deux jours Samedi 16 novembre 2019 10h \u00e0 17h Dimanche 17 novembre 2019 12h \u00e0 15h 110$ CAD non-membres \/90$ CAD membres Registration deadline: Tuesday, November 12th 2019 avec Lise<\/p>\n","protected":false},"author":2,"featured_media":4940,"comment_status":"closed","ping_status":"closed","sticky":false,"template":"","format":"standard","meta":{"footnotes":""},"categories":[7],"tags":[],"class_list":["post-4939","post","type-post","status-publish","format-standard","has-post-thumbnail","hentry","category-workshop"],"yoast_head":"<!-- This site is optimized with the Yoast SEO plugin v24.9 - https:\/\/yoast.com\/wordpress\/plugins\/seo\/ -->\n<title>Initiation \u00e0 la photo argentique noir et blanc - Le Labo EN<\/title>\n<meta name=\"robots\" content=\"index, follow, max-snippet:-1, max-image-preview:large, max-video-preview:-1\" \/>\n<link rel=\"canonical\" href=\"https:\/\/lelabo.ca\/en\/initiation-a-la-photo-argentique-noir-et-blanc\/\" \/>\n<meta property=\"og:locale\" content=\"fr_FR\" \/>\n<meta property=\"og:type\" content=\"article\" \/>\n<meta property=\"og:title\" content=\"Initiation \u00e0 la photo argentique noir et blanc - Le Labo EN\" \/>\n<meta property=\"og:description\" content=\"This workshop will be held in French only. Atelier sur deux jours Samedi 16 novembre 2019 10h \u00e0 17h Dimanche 17 novembre 2019 12h \u00e0 15h 110$ CAD non-membres \/90$ CAD membres Registration deadline: Tuesday, November 12th 2019 avec Lise\" \/>\n<meta property=\"og:url\" content=\"https:\/\/lelabo.ca\/en\/initiation-a-la-photo-argentique-noir-et-blanc\/\" \/>\n<meta property=\"og:site_name\" content=\"Le Labo EN\" \/>\n<meta property=\"article:published_time\" content=\"2019-10-29T14:26:00+00:00\" \/>\n<meta property=\"article:modified_time\" content=\"2019-11-27T14:13:08+00:00\" \/>\n<meta property=\"og:image\" content=\"https:\/\/lelabo.ca\/en\/wp-content\/uploads\/sites\/3\/2018\/12\/Atelier_Photographie_argentique_Lise_Beaudry_G44.jpg\" \/>\n\t<meta property=\"og:image:width\" content=\"900\" \/>\n\t<meta property=\"og:image:height\" content=\"600\" \/>\n\t<meta property=\"og:image:type\" content=\"image\/jpeg\" \/>\n<meta name=\"author\" content=\"Le Labo\" \/>\n<meta name=\"twitter:card\" content=\"summary_large_image\" \/>\n<meta name=\"twitter:label1\" content=\"\u00c9crit par\" \/>\n\t<meta name=\"twitter:data1\" content=\"Le Labo\" \/>\n\t<meta name=\"twitter:label2\" content=\"Dur\u00e9e de lecture estim\u00e9e\" \/>\n\t<meta name=\"twitter:data2\" content=\"1 minute\" \/>\n<script type=\"application\/ld+json\" class=\"yoast-schema-graph\">{\"@context\":\"https:\/\/schema.org\",\"@graph\":[{\"@type\":\"WebPage\",\"@id\":\"https:\/\/lelabo.ca\/en\/initiation-a-la-photo-argentique-noir-et-blanc\/\",\"url\":\"https:\/\/lelabo.ca\/en\/initiation-a-la-photo-argentique-noir-et-blanc\/\",\"name\":\"Initiation \u00e0 la photo argentique noir et blanc - Le Labo EN\",\"isPartOf\":{\"@id\":\"https:\/\/lelabo.ca\/en\/#website\"},\"primaryImageOfPage\":{\"@id\":\"https:\/\/lelabo.ca\/en\/initiation-a-la-photo-argentique-noir-et-blanc\/#primaryimage\"},\"image\":{\"@id\":\"https:\/\/lelabo.ca\/en\/initiation-a-la-photo-argentique-noir-et-blanc\/#primaryimage\"},\"thumbnailUrl\":\"https:\/\/lelabo.ca\/en\/wp-content\/uploads\/sites\/3\/2018\/12\/Atelier_Photographie_argentique_Lise_Beaudry_G44.jpg\",\"datePublished\":\"2019-10-29T14:26:00+00:00\",\"dateModified\":\"2019-11-27T14:13:08+00:00\",\"author\":{\"@id\":\"https:\/\/lelabo.ca\/en\/#\/schema\/person\/7edfb4726367f54e3791ef5de3dc4ee9\"},\"breadcrumb\":{\"@id\":\"https:\/\/lelabo.ca\/en\/initiation-a-la-photo-argentique-noir-et-blanc\/#breadcrumb\"},\"inLanguage\":\"fr-FR\",\"potentialAction\":[{\"@type\":\"ReadAction\",\"target\":[\"https:\/\/lelabo.ca\/en\/initiation-a-la-photo-argentique-noir-et-blanc\/\"]}]},{\"@type\":\"ImageObject\",\"inLanguage\":\"fr-FR\",\"@id\":\"https:\/\/lelabo.ca\/en\/initiation-a-la-photo-argentique-noir-et-blanc\/#primaryimage\",\"url\":\"https:\/\/lelabo.ca\/en\/wp-content\/uploads\/sites\/3\/2018\/12\/Atelier_Photographie_argentique_Lise_Beaudry_G44.jpg\",\"contentUrl\":\"https:\/\/lelabo.ca\/en\/wp-content\/uploads\/sites\/3\/2018\/12\/Atelier_Photographie_argentique_Lise_Beaudry_G44.jpg\",\"width\":900,\"height\":600},{\"@type\":\"BreadcrumbList\",\"@id\":\"https:\/\/lelabo.ca\/en\/initiation-a-la-photo-argentique-noir-et-blanc\/#breadcrumb\",\"itemListElement\":[{\"@type\":\"ListItem\",\"position\":1,\"name\":\"Accueil\",\"item\":\"https:\/\/lelabo.ca\/en\/\"},{\"@type\":\"ListItem\",\"position\":2,\"name\":\"Initiation \u00e0 la photo argentique noir et blanc\"}]},{\"@type\":\"WebSite\",\"@id\":\"https:\/\/lelabo.ca\/en\/#website\",\"url\":\"https:\/\/lelabo.ca\/en\/\",\"name\":\"Le Labo EN\",\"description\":\"\",\"potentialAction\":[{\"@type\":\"SearchAction\",\"target\":{\"@type\":\"EntryPoint\",\"urlTemplate\":\"https:\/\/lelabo.ca\/en\/?s={search_term_string}\"},\"query-input\":{\"@type\":\"PropertyValueSpecification\",\"valueRequired\":true,\"valueName\":\"search_term_string\"}}],\"inLanguage\":\"fr-FR\"},{\"@type\":\"Person\",\"@id\":\"https:\/\/lelabo.ca\/en\/#\/schema\/person\/7edfb4726367f54e3791ef5de3dc4ee9\",\"name\":\"Le Labo\",\"image\":{\"@type\":\"ImageObject\",\"inLanguage\":\"fr-FR\",\"@id\":\"https:\/\/lelabo.ca\/en\/#\/schema\/person\/image\/\",\"url\":\"https:\/\/secure.gravatar.com\/avatar\/5ec8dff3972f10ba9f09fc5b62649719c1c83b00f86b62746d1dc1dfcc9424d8?s=96&d=mm&r=g\",\"contentUrl\":\"https:\/\/secure.gravatar.com\/avatar\/5ec8dff3972f10ba9f09fc5b62649719c1c83b00f86b62746d1dc1dfcc9424d8?s=96&d=mm&r=g\",\"caption\":\"Le Labo\"},\"url\":\"https:\/\/lelabo.ca\/en\/author\/carolina\/\"}]}<\/script>\n<!-- \/ Yoast SEO plugin. -->","yoast_head_json":{"title":"Initiation \u00e0 la photo argentique noir et blanc - Le Labo EN","robots":{"index":"index","follow":"follow","max-snippet":"max-snippet:-1","max-image-preview":"max-image-preview:large","max-video-preview":"max-video-preview:-1"},"canonical":"https:\/\/lelabo.ca\/en\/initiation-a-la-photo-argentique-noir-et-blanc\/","og_locale":"fr_FR","og_type":"article","og_title":"Initiation \u00e0 la photo argentique noir et blanc - Le Labo EN","og_description":"This workshop will be held in French only. Atelier sur deux jours Samedi 16 novembre 2019 10h \u00e0 17h Dimanche 17 novembre 2019 12h \u00e0 15h 110$ CAD non-membres \/90$ CAD membres Registration deadline: Tuesday, November 12th 2019 avec Lise","og_url":"https:\/\/lelabo.ca\/en\/initiation-a-la-photo-argentique-noir-et-blanc\/","og_site_name":"Le Labo EN","article_published_time":"2019-10-29T14:26:00+00:00","article_modified_time":"2019-11-27T14:13:08+00:00","og_image":[{"width":900,"height":600,"url":"https:\/\/lelabo.ca\/en\/wp-content\/uploads\/sites\/3\/2018\/12\/Atelier_Photographie_argentique_Lise_Beaudry_G44.jpg","type":"image\/jpeg"}],"author":"Le Labo","twitter_card":"summary_large_image","twitter_misc":{"\u00c9crit par":"Le Labo","Dur\u00e9e de lecture estim\u00e9e":"1 minute"},"schema":{"@context":"https:\/\/schema.org","@graph":[{"@type":"WebPage","@id":"https:\/\/lelabo.ca\/en\/initiation-a-la-photo-argentique-noir-et-blanc\/","url":"https:\/\/lelabo.ca\/en\/initiation-a-la-photo-argentique-noir-et-blanc\/","name":"Initiation \u00e0 la photo argentique noir et blanc - Le Labo EN","isPartOf":{"@id":"https:\/\/lelabo.ca\/en\/#website"},"primaryImageOfPage":{"@id":"https:\/\/lelabo.ca\/en\/initiation-a-la-photo-argentique-noir-et-blanc\/#primaryimage"},"image":{"@id":"https:\/\/lelabo.ca\/en\/initiation-a-la-photo-argentique-noir-et-blanc\/#primaryimage"},"thumbnailUrl":"https:\/\/lelabo.ca\/en\/wp-content\/uploads\/sites\/3\/2018\/12\/Atelier_Photographie_argentique_Lise_Beaudry_G44.jpg","datePublished":"2019-10-29T14:26:00+00:00","dateModified":"2019-11-27T14:13:08+00:00","author":{"@id":"https:\/\/lelabo.ca\/en\/#\/schema\/person\/7edfb4726367f54e3791ef5de3dc4ee9"},"breadcrumb":{"@id":"https:\/\/lelabo.ca\/en\/initiation-a-la-photo-argentique-noir-et-blanc\/#breadcrumb"},"inLanguage":"fr-FR","potentialAction":[{"@type":"ReadAction","target":["https:\/\/lelabo.ca\/en\/initiation-a-la-photo-argentique-noir-et-blanc\/"]}]},{"@type":"ImageObject","inLanguage":"fr-FR","@id":"https:\/\/lelabo.ca\/en\/initiation-a-la-photo-argentique-noir-et-blanc\/#primaryimage","url":"https:\/\/lelabo.ca\/en\/wp-content\/uploads\/sites\/3\/2018\/12\/Atelier_Photographie_argentique_Lise_Beaudry_G44.jpg","contentUrl":"https:\/\/lelabo.ca\/en\/wp-content\/uploads\/sites\/3\/2018\/12\/Atelier_Photographie_argentique_Lise_Beaudry_G44.jpg","width":900,"height":600},{"@type":"BreadcrumbList","@id":"https:\/\/lelabo.ca\/en\/initiation-a-la-photo-argentique-noir-et-blanc\/#breadcrumb","itemListElement":[{"@type":"ListItem","position":1,"name":"Accueil","item":"https:\/\/lelabo.ca\/en\/"},{"@type":"ListItem","position":2,"name":"Initiation \u00e0 la photo argentique noir et blanc"}]},{"@type":"WebSite","@id":"https:\/\/lelabo.ca\/en\/#website","url":"https:\/\/lelabo.ca\/en\/","name":"Le Labo EN","description":"","potentialAction":[{"@type":"SearchAction","target":{"@type":"EntryPoint","urlTemplate":"https:\/\/lelabo.ca\/en\/?s={search_term_string}"},"query-input":{"@type":"PropertyValueSpecification","valueRequired":true,"valueName":"search_term_string"}}],"inLanguage":"fr-FR"},{"@type":"Person","@id":"https:\/\/lelabo.ca\/en\/#\/schema\/person\/7edfb4726367f54e3791ef5de3dc4ee9","name":"Le Labo","image":{"@type":"ImageObject","inLanguage":"fr-FR","@id":"https:\/\/lelabo.ca\/en\/#\/schema\/person\/image\/","url":"https:\/\/secure.gravatar.com\/avatar\/5ec8dff3972f10ba9f09fc5b62649719c1c83b00f86b62746d1dc1dfcc9424d8?s=96&d=mm&r=g","contentUrl":"https:\/\/secure.gravatar.com\/avatar\/5ec8dff3972f10ba9f09fc5b62649719c1c83b00f86b62746d1dc1dfcc9424d8?s=96&d=mm&r=g","caption":"Le Labo"},"url":"https:\/\/lelabo.ca\/en\/author\/carolina\/"}]}},"_links":{"self":[{"href":"https:\/\/lelabo.ca\/en\/wp-json\/wp\/v2\/posts\/4939","targetHints":{"allow":["GET"]}}],"collection":[{"href":"https:\/\/lelabo.ca\/en\/wp-json\/wp\/v2\/posts"}],"about":[{"href":"https:\/\/lelabo.ca\/en\/wp-json\/wp\/v2\/types\/post"}],"author":[{"embeddable":true,"href":"https:\/\/lelabo.ca\/en\/wp-json\/wp\/v2\/users\/2"}],"replies":[{"embeddable":true,"href":"https:\/\/lelabo.ca\/en\/wp-json\/wp\/v2\/comments?post=4939"}],"version-history":[{"count":5,"href":"https:\/\/lelabo.ca\/en\/wp-json\/wp\/v2\/posts\/4939\/revisions"}],"predecessor-version":[{"id":5204,"href":"https:\/\/lelabo.ca\/en\/wp-json\/wp\/v2\/posts\/4939\/revisions\/5204"}],"wp:featuredmedia":[{"embeddable":true,"href":"https:\/\/lelabo.ca\/en\/wp-json\/wp\/v2\/media\/4940"}],"wp:attachment":[{"href":"https:\/\/lelabo.ca\/en\/wp-json\/wp\/v2\/media?parent=4939"}],"wp:term":[{"taxonomy":"category","embeddable":true,"href":"https:\/\/lelabo.ca\/en\/wp-json\/wp\/v2\/categories?post=4939"},{"taxonomy":"post_tag","embeddable":true,"href":"https:\/\/lelabo.ca\/en\/wp-json\/wp\/v2\/tags?post=4939"}],"curies":[{"name":"wp","href":"https:\/\/api.w.org\/{rel}","templated":true}]}}