{"id":6208,"date":"2024-10-24T13:17:24","date_gmt":"2024-10-24T13:17:24","guid":{"rendered":"http:\/\/lelabo.ca\/en\/?p=6208"},"modified":"2024-10-24T13:17:26","modified_gmt":"2024-10-24T13:17:26","slug":"la-verticale-video-exhibition","status":"publish","type":"post","link":"https:\/\/lelabo.ca\/en\/la-verticale-video-exhibition\/","title":{"rendered":"La Verticale | Video exhibition"},"content":{"rendered":"\n<p class=\"has-medium-font-size\"><strong>Media arts program of the Francofest festival <a rel=\"noreferrer noopener\" href=\"https:\/\/cinefranco.com\/\" target=\"_blank\"><em>Cin\u00e9franco<\/em><\/a><\/strong>  <\/p>\n\n\n\n<hr class=\"wp-block-separator\"\/>\n\n\n\n<p class=\"has-background has-very-light-gray-background-color\"><strong>Artists: <\/strong><a rel=\"noreferrer noopener\" aria-label=\" (s\u2019ouvre dans un nouvel onglet)\" href=\"https:\/\/www.madipiller.com\/\" target=\"_blank\">Madi Piller<\/a>, <a rel=\"noreferrer noopener\" aria-label=\"Isabelle Michaud (s\u2019ouvre dans un nouvel onglet)\" href=\"https:\/\/www.isamichaud.com\/\" target=\"_blank\">Isabelle Michaud<\/a>, <a rel=\"noreferrer noopener\" aria-label=\"Lucie Bedet (s\u2019ouvre dans un nouvel onglet)\" href=\"https:\/\/centdegres.ca\/auteurs\/lucie-bedet\" target=\"_blank\">Lucie Bedet<\/a>, <a rel=\"noreferrer noopener\" aria-label=\"Marthe Lenoir (s\u2019ouvre dans un nouvel onglet)\" href=\"https:\/\/lelabo.ca\/fr\/membre\/marthe-lenoir\/\" target=\"_blank\">Marthe Lenoir<\/a>, <a rel=\"noreferrer noopener\" aria-label=\"Shawn Grenier (s\u2019ouvre dans un nouvel onglet)\" href=\"https:\/\/www.instagram.com\/shawnarchiste\/?hl=fr\" target=\"_blank\">Shawn Grenier<\/a>, <a rel=\"noreferrer noopener\" aria-label=\" (s\u2019ouvre dans un nouvel onglet)\" href=\"https:\/\/aworancreation.wixsite.com\/aworancreation\/portfolio\" target=\"_blank\">Tchay\u00e9 Briat<\/a><\/p>\n\n\n\n<p class=\"has-background has-very-light-gray-background-color\"><strong>November 1 to 9, 2024 (Mon-Fri 11am-6pm Sat 11am-2pm)<\/strong><\/p>\n\n\n\n<p class=\"has-background has-very-light-gray-background-color\"><strong>At Le Labo &#8211; 401 Richmond &#8211; Studio 277<\/strong><\/p>\n\n\n\n<hr class=\"wp-block-separator\"\/>\n\n\n\n<figure class=\"wp-block-image size-large\"><img decoding=\"async\" src=\"https:\/\/lelabo.ca\/fr\/wp-content\/uploads\/sites\/2\/2024\/10\/SITE-WEB_Illustrations_1200-x-368-1200-x-468-px-4-1024x314.png\" alt=\"\" class=\"wp-image-16104\"\/><figcaption><em>From left to right:<\/em> <em>Fl\u00e2nerie \u00e9ph\u00e9m\u00e8re dans le t\u00e9l\u00e9phone de l&rsquo;artiste<\/em> de Shawn Grenier, <em>L&rsquo;entourage<\/em> de Lucie Bedet, <em>Abstraction verticale<\/em> de Madi Piller, <em>Memorabilia<\/em> de Marthe Lenoir, <em>Writer&rsquo;s block<\/em> de Tchay\u00e9 Briat et <em>Espace pleural<\/em> d&rsquo;Isabelle Michaud<\/figcaption><\/figure>\n\n\n\n<div style=\"height:100px\" aria-hidden=\"true\" class=\"wp-block-spacer\"><\/div>\n\n\n\n<blockquote class=\"wp-block-quote is-layout-flow wp-block-quote-is-layout-flow\"><p>\u201c<em>Do well with nothing, do better with little, and do it now<\/em>!<em>\u201d<\/em><\/p><cite>The\u00a0<em>Kino<\/em>\u00a0International Filmmaking\u00a0<em>Movement<\/em>\u00a0is explained succinctly by this motto to make no-budget films in a spirit of mutual aid, non-competition, freedom and benevolence.<\/cite><\/blockquote>\n\n\n\n<p>As the media arts program of the Francofest Cin\u00e9franco festival, the video exhibition <em>La Verticale<\/em> aims to challenge the conventions of traditional cinema by showcasing the vertical format (9:16). Six artists lent themselves to the game of this framed freedom to think beyond limits, on the edge of the ordinary, in the margins.<\/p>\n\n\n\n<hr class=\"wp-block-separator\"\/>\n\n\n\n<p class=\"has-background has-very-light-gray-background-color\">Shawn Grenier, <em>Fl\u00e2nerie \u00e9ph\u00e9m\u00e8re dans le t\u00e9l\u00e9phone de l&rsquo;artiste<\/em><br>Lucie Bedet, <em>L&rsquo;entourage<\/em><br>Marthe Lenoir, <em>Memorabilia<\/em><br>Isabelle Michaud, <em>Espace pleural<\/em><br>Tchay\u00e9 Briat, <em>Writer&rsquo;s block<\/em><br>Madi Piller, <em>Abstraction verticale<\/em><\/p>\n\n\n\n<hr class=\"wp-block-separator\"\/>\n\n\n\n<p>In an airy scenography, the works in this group show, presented using video mapping techniques, play with introspection and interiority.<\/p>\n\n\n\n<p><strong>Tchay\u00e9 Briat<\/strong> and <strong>Shawn Grenier<\/strong> discuss the artist&rsquo;s solitude in the face of the creative process, which is often more alienating than gratifying. How does one find legitimacy as an artist? This is a question that runs through Grenier&rsquo;s short film, showing how the artist must constantly justify his or her work, as well as Briat&rsquo;s, whose protagonist is confronted with blank-page syndrome. <strong>Marthe Lenoir<\/strong> is also affected by this issue. As she doesn&rsquo;t see herself as marginalized, she decides to highlight the only aspect of her life that she considers to be on the margins: her long-distance relationship with her partner.<\/p>\n\n\n\n<p><strong>Lucie Bedet<\/strong> also talks about interiority and creation. She sees the margins in the elements of everyday life, in the noises that forge us but which we tend to neglect, yet which constitute a great creative force for artists. She wonders about our place in our environment, which has a definite influence on our inner life. <strong>Isabelle Michaud<\/strong> evokes our physical interiority through the pleural space, the place in the human body where oxygen and carbon dioxide are exchanged. We&rsquo;re constantly moving from one state to another; the movement of life coexists with that of death.<\/p>\n\n\n\n<p>Finally, <strong>Madi Piller<\/strong>&lsquo;s abstract, plastic work speaks of permutations and infinite multiplications: doesn&rsquo;t this reflect the very essence of life, our environment and what constitutes us internally?<\/p>\n\n\n\n<p>The artists featured in this video exhibition have all chosen to place sound at the heart of their work. Margin is expressed through the sound of fingers striking a keyboard, whether computer or telephone, through anguished, melancholy soundtracks, or through everyday or familiar sounds, such as the voice of a loved one.<\/p>\n\n\n\n<figure class=\"wp-block-image size-large\"><img decoding=\"async\" src=\"https:\/\/lelabo.ca\/fr\/wp-content\/uploads\/sites\/2\/2024\/10\/SITE-WEB_LOGOS-2-1-1024x178.png\" alt=\"\" class=\"wp-image-16108\"\/><\/figure>\n","protected":false},"excerpt":{"rendered":"<p>As the media arts program of the Francofest Cin\u00e9franco festival, this video exhibition aims to challenge the conventions of traditional cinema by showcasing the vertical format (9:16). Six artists have lent themselves to the game of this framed freedom to think beyond limits, on the edge of the ordinary, in the margins.<\/p>\n<p>From November 1 to 9, 2024 at Le Labo studio.<\/p>\n","protected":false},"author":2,"featured_media":6209,"comment_status":"closed","ping_status":"open","sticky":false,"template":"","format":"standard","meta":{"footnotes":""},"categories":[40],"tags":[],"class_list":["post-6208","post","type-post","status-publish","format-standard","has-post-thumbnail","hentry","category-upcoming"],"yoast_head":"<!-- This site is optimized with the Yoast SEO plugin v24.9 - https:\/\/yoast.com\/wordpress\/plugins\/seo\/ -->\n<title>La Verticale | Video exhibition - Le Labo EN<\/title>\n<meta name=\"description\" content=\"As the media arts program of the Francofest Cin\u00e9franco festival, this video exhibition aims to challenge the conventions of traditional cinema by showcasing the vertical format (9:16). Six artists have lent themselves to the game of this framed freedom to think beyond limits, on the edge of the ordinary, in the margins.From November 1 to 9, 2024 at Le Labo studio.\" \/>\n<meta name=\"robots\" content=\"index, follow, max-snippet:-1, max-image-preview:large, max-video-preview:-1\" \/>\n<link rel=\"canonical\" href=\"https:\/\/lelabo.ca\/en\/la-verticale-video-exhibition\/\" \/>\n<meta property=\"og:locale\" content=\"fr_FR\" \/>\n<meta property=\"og:type\" content=\"article\" \/>\n<meta property=\"og:title\" content=\"La Verticale | Video exhibition - Le Labo EN\" \/>\n<meta property=\"og:description\" content=\"As the media arts program of the Francofest Cin\u00e9franco festival, this video exhibition aims to challenge the conventions of traditional cinema by showcasing the vertical format (9:16). Six artists have lent themselves to the game of this framed freedom to think beyond limits, on the edge of the ordinary, in the margins.From November 1 to 9, 2024 at Le Labo studio.\" \/>\n<meta property=\"og:url\" content=\"https:\/\/lelabo.ca\/en\/la-verticale-video-exhibition\/\" \/>\n<meta property=\"og:site_name\" content=\"Le Labo EN\" \/>\n<meta property=\"article:published_time\" content=\"2024-10-24T13:17:24+00:00\" \/>\n<meta property=\"article:modified_time\" content=\"2024-10-24T13:17:26+00:00\" \/>\n<meta property=\"og:image\" content=\"https:\/\/lelabo.ca\/en\/wp-content\/uploads\/sites\/3\/2024\/10\/SITE-WEB_VIGNETTES-500X500-1-1.png\" \/>\n\t<meta property=\"og:image:width\" content=\"500\" \/>\n\t<meta property=\"og:image:height\" content=\"500\" \/>\n\t<meta property=\"og:image:type\" content=\"image\/png\" \/>\n<meta name=\"author\" content=\"Le Labo\" \/>\n<meta name=\"twitter:card\" content=\"summary_large_image\" \/>\n<meta name=\"twitter:label1\" content=\"\u00c9crit par\" \/>\n\t<meta name=\"twitter:data1\" content=\"Le Labo\" \/>\n\t<meta name=\"twitter:label2\" content=\"Dur\u00e9e de lecture estim\u00e9e\" \/>\n\t<meta name=\"twitter:data2\" content=\"2 minutes\" \/>\n<script type=\"application\/ld+json\" class=\"yoast-schema-graph\">{\"@context\":\"https:\/\/schema.org\",\"@graph\":[{\"@type\":\"WebPage\",\"@id\":\"https:\/\/lelabo.ca\/en\/la-verticale-video-exhibition\/\",\"url\":\"https:\/\/lelabo.ca\/en\/la-verticale-video-exhibition\/\",\"name\":\"La Verticale | Video exhibition - Le Labo EN\",\"isPartOf\":{\"@id\":\"https:\/\/lelabo.ca\/en\/#website\"},\"primaryImageOfPage\":{\"@id\":\"https:\/\/lelabo.ca\/en\/la-verticale-video-exhibition\/#primaryimage\"},\"image\":{\"@id\":\"https:\/\/lelabo.ca\/en\/la-verticale-video-exhibition\/#primaryimage\"},\"thumbnailUrl\":\"https:\/\/lelabo.ca\/en\/wp-content\/uploads\/sites\/3\/2024\/10\/SITE-WEB_VIGNETTES-500X500-1-1.png\",\"datePublished\":\"2024-10-24T13:17:24+00:00\",\"dateModified\":\"2024-10-24T13:17:26+00:00\",\"author\":{\"@id\":\"https:\/\/lelabo.ca\/en\/#\/schema\/person\/7edfb4726367f54e3791ef5de3dc4ee9\"},\"description\":\"As the media arts program of the Francofest Cin\u00e9franco festival, this video exhibition aims to challenge the conventions of traditional cinema by showcasing the vertical format (9:16). Six artists have lent themselves to the game of this framed freedom to think beyond limits, on the edge of the ordinary, in the margins.From November 1 to 9, 2024 at Le Labo studio.\",\"breadcrumb\":{\"@id\":\"https:\/\/lelabo.ca\/en\/la-verticale-video-exhibition\/#breadcrumb\"},\"inLanguage\":\"fr-FR\",\"potentialAction\":[{\"@type\":\"ReadAction\",\"target\":[\"https:\/\/lelabo.ca\/en\/la-verticale-video-exhibition\/\"]}]},{\"@type\":\"ImageObject\",\"inLanguage\":\"fr-FR\",\"@id\":\"https:\/\/lelabo.ca\/en\/la-verticale-video-exhibition\/#primaryimage\",\"url\":\"https:\/\/lelabo.ca\/en\/wp-content\/uploads\/sites\/3\/2024\/10\/SITE-WEB_VIGNETTES-500X500-1-1.png\",\"contentUrl\":\"https:\/\/lelabo.ca\/en\/wp-content\/uploads\/sites\/3\/2024\/10\/SITE-WEB_VIGNETTES-500X500-1-1.png\",\"width\":500,\"height\":500},{\"@type\":\"BreadcrumbList\",\"@id\":\"https:\/\/lelabo.ca\/en\/la-verticale-video-exhibition\/#breadcrumb\",\"itemListElement\":[{\"@type\":\"ListItem\",\"position\":1,\"name\":\"Accueil\",\"item\":\"https:\/\/lelabo.ca\/en\/\"},{\"@type\":\"ListItem\",\"position\":2,\"name\":\"La Verticale | Video exhibition\"}]},{\"@type\":\"WebSite\",\"@id\":\"https:\/\/lelabo.ca\/en\/#website\",\"url\":\"https:\/\/lelabo.ca\/en\/\",\"name\":\"Le Labo EN\",\"description\":\"\",\"potentialAction\":[{\"@type\":\"SearchAction\",\"target\":{\"@type\":\"EntryPoint\",\"urlTemplate\":\"https:\/\/lelabo.ca\/en\/?s={search_term_string}\"},\"query-input\":{\"@type\":\"PropertyValueSpecification\",\"valueRequired\":true,\"valueName\":\"search_term_string\"}}],\"inLanguage\":\"fr-FR\"},{\"@type\":\"Person\",\"@id\":\"https:\/\/lelabo.ca\/en\/#\/schema\/person\/7edfb4726367f54e3791ef5de3dc4ee9\",\"name\":\"Le Labo\",\"image\":{\"@type\":\"ImageObject\",\"inLanguage\":\"fr-FR\",\"@id\":\"https:\/\/lelabo.ca\/en\/#\/schema\/person\/image\/\",\"url\":\"https:\/\/secure.gravatar.com\/avatar\/5ec8dff3972f10ba9f09fc5b62649719c1c83b00f86b62746d1dc1dfcc9424d8?s=96&d=mm&r=g\",\"contentUrl\":\"https:\/\/secure.gravatar.com\/avatar\/5ec8dff3972f10ba9f09fc5b62649719c1c83b00f86b62746d1dc1dfcc9424d8?s=96&d=mm&r=g\",\"caption\":\"Le Labo\"},\"url\":\"https:\/\/lelabo.ca\/en\/author\/carolina\/\"}]}<\/script>\n<!-- \/ Yoast SEO plugin. -->","yoast_head_json":{"title":"La Verticale | Video exhibition - Le Labo EN","description":"As the media arts program of the Francofest Cin\u00e9franco festival, this video exhibition aims to challenge the conventions of traditional cinema by showcasing the vertical format (9:16). Six artists have lent themselves to the game of this framed freedom to think beyond limits, on the edge of the ordinary, in the margins.From November 1 to 9, 2024 at Le Labo studio.","robots":{"index":"index","follow":"follow","max-snippet":"max-snippet:-1","max-image-preview":"max-image-preview:large","max-video-preview":"max-video-preview:-1"},"canonical":"https:\/\/lelabo.ca\/en\/la-verticale-video-exhibition\/","og_locale":"fr_FR","og_type":"article","og_title":"La Verticale | Video exhibition - Le Labo EN","og_description":"As the media arts program of the Francofest Cin\u00e9franco festival, this video exhibition aims to challenge the conventions of traditional cinema by showcasing the vertical format (9:16). Six artists have lent themselves to the game of this framed freedom to think beyond limits, on the edge of the ordinary, in the margins.From November 1 to 9, 2024 at Le Labo studio.","og_url":"https:\/\/lelabo.ca\/en\/la-verticale-video-exhibition\/","og_site_name":"Le Labo EN","article_published_time":"2024-10-24T13:17:24+00:00","article_modified_time":"2024-10-24T13:17:26+00:00","og_image":[{"width":500,"height":500,"url":"https:\/\/lelabo.ca\/en\/wp-content\/uploads\/sites\/3\/2024\/10\/SITE-WEB_VIGNETTES-500X500-1-1.png","type":"image\/png"}],"author":"Le Labo","twitter_card":"summary_large_image","twitter_misc":{"\u00c9crit par":"Le Labo","Dur\u00e9e de lecture estim\u00e9e":"2 minutes"},"schema":{"@context":"https:\/\/schema.org","@graph":[{"@type":"WebPage","@id":"https:\/\/lelabo.ca\/en\/la-verticale-video-exhibition\/","url":"https:\/\/lelabo.ca\/en\/la-verticale-video-exhibition\/","name":"La Verticale | Video exhibition - Le Labo EN","isPartOf":{"@id":"https:\/\/lelabo.ca\/en\/#website"},"primaryImageOfPage":{"@id":"https:\/\/lelabo.ca\/en\/la-verticale-video-exhibition\/#primaryimage"},"image":{"@id":"https:\/\/lelabo.ca\/en\/la-verticale-video-exhibition\/#primaryimage"},"thumbnailUrl":"https:\/\/lelabo.ca\/en\/wp-content\/uploads\/sites\/3\/2024\/10\/SITE-WEB_VIGNETTES-500X500-1-1.png","datePublished":"2024-10-24T13:17:24+00:00","dateModified":"2024-10-24T13:17:26+00:00","author":{"@id":"https:\/\/lelabo.ca\/en\/#\/schema\/person\/7edfb4726367f54e3791ef5de3dc4ee9"},"description":"As the media arts program of the Francofest Cin\u00e9franco festival, this video exhibition aims to challenge the conventions of traditional cinema by showcasing the vertical format (9:16). Six artists have lent themselves to the game of this framed freedom to think beyond limits, on the edge of the ordinary, in the margins.From November 1 to 9, 2024 at Le Labo studio.","breadcrumb":{"@id":"https:\/\/lelabo.ca\/en\/la-verticale-video-exhibition\/#breadcrumb"},"inLanguage":"fr-FR","potentialAction":[{"@type":"ReadAction","target":["https:\/\/lelabo.ca\/en\/la-verticale-video-exhibition\/"]}]},{"@type":"ImageObject","inLanguage":"fr-FR","@id":"https:\/\/lelabo.ca\/en\/la-verticale-video-exhibition\/#primaryimage","url":"https:\/\/lelabo.ca\/en\/wp-content\/uploads\/sites\/3\/2024\/10\/SITE-WEB_VIGNETTES-500X500-1-1.png","contentUrl":"https:\/\/lelabo.ca\/en\/wp-content\/uploads\/sites\/3\/2024\/10\/SITE-WEB_VIGNETTES-500X500-1-1.png","width":500,"height":500},{"@type":"BreadcrumbList","@id":"https:\/\/lelabo.ca\/en\/la-verticale-video-exhibition\/#breadcrumb","itemListElement":[{"@type":"ListItem","position":1,"name":"Accueil","item":"https:\/\/lelabo.ca\/en\/"},{"@type":"ListItem","position":2,"name":"La Verticale | Video exhibition"}]},{"@type":"WebSite","@id":"https:\/\/lelabo.ca\/en\/#website","url":"https:\/\/lelabo.ca\/en\/","name":"Le Labo EN","description":"","potentialAction":[{"@type":"SearchAction","target":{"@type":"EntryPoint","urlTemplate":"https:\/\/lelabo.ca\/en\/?s={search_term_string}"},"query-input":{"@type":"PropertyValueSpecification","valueRequired":true,"valueName":"search_term_string"}}],"inLanguage":"fr-FR"},{"@type":"Person","@id":"https:\/\/lelabo.ca\/en\/#\/schema\/person\/7edfb4726367f54e3791ef5de3dc4ee9","name":"Le Labo","image":{"@type":"ImageObject","inLanguage":"fr-FR","@id":"https:\/\/lelabo.ca\/en\/#\/schema\/person\/image\/","url":"https:\/\/secure.gravatar.com\/avatar\/5ec8dff3972f10ba9f09fc5b62649719c1c83b00f86b62746d1dc1dfcc9424d8?s=96&d=mm&r=g","contentUrl":"https:\/\/secure.gravatar.com\/avatar\/5ec8dff3972f10ba9f09fc5b62649719c1c83b00f86b62746d1dc1dfcc9424d8?s=96&d=mm&r=g","caption":"Le Labo"},"url":"https:\/\/lelabo.ca\/en\/author\/carolina\/"}]}},"_links":{"self":[{"href":"https:\/\/lelabo.ca\/en\/wp-json\/wp\/v2\/posts\/6208","targetHints":{"allow":["GET"]}}],"collection":[{"href":"https:\/\/lelabo.ca\/en\/wp-json\/wp\/v2\/posts"}],"about":[{"href":"https:\/\/lelabo.ca\/en\/wp-json\/wp\/v2\/types\/post"}],"author":[{"embeddable":true,"href":"https:\/\/lelabo.ca\/en\/wp-json\/wp\/v2\/users\/2"}],"replies":[{"embeddable":true,"href":"https:\/\/lelabo.ca\/en\/wp-json\/wp\/v2\/comments?post=6208"}],"version-history":[{"count":1,"href":"https:\/\/lelabo.ca\/en\/wp-json\/wp\/v2\/posts\/6208\/revisions"}],"predecessor-version":[{"id":6210,"href":"https:\/\/lelabo.ca\/en\/wp-json\/wp\/v2\/posts\/6208\/revisions\/6210"}],"wp:featuredmedia":[{"embeddable":true,"href":"https:\/\/lelabo.ca\/en\/wp-json\/wp\/v2\/media\/6209"}],"wp:attachment":[{"href":"https:\/\/lelabo.ca\/en\/wp-json\/wp\/v2\/media?parent=6208"}],"wp:term":[{"taxonomy":"category","embeddable":true,"href":"https:\/\/lelabo.ca\/en\/wp-json\/wp\/v2\/categories?post=6208"},{"taxonomy":"post_tag","embeddable":true,"href":"https:\/\/lelabo.ca\/en\/wp-json\/wp\/v2\/tags?post=6208"}],"curies":[{"name":"wp","href":"https:\/\/api.w.org\/{rel}","templated":true}]}}