{"id":6568,"date":"2026-05-01T21:06:59","date_gmt":"2026-05-01T21:06:59","guid":{"rendered":"https:\/\/lelabo.ca\/en\/?p=6568"},"modified":"2026-05-01T21:47:37","modified_gmt":"2026-05-01T21:47:37","slug":"a-stroll-on-facadism-with-janes-walk-festival-2026","status":"publish","type":"post","link":"https:\/\/lelabo.ca\/en\/a-stroll-on-facadism-with-janes-walk-festival-2026\/","title":{"rendered":"A stroll on Fa\u00e7adism, with Jane&rsquo;s Walk Festival 2026"},"content":{"rendered":"\n<p class=\"has-white-color has-text-color has-background has-link-color wp-elements-2e6df51f895d88ea92384f69792e2086\" style=\"background:linear-gradient(135deg,rgb(0,0,0) 17%,rgb(252,220,52) 100%)\"><strong><strong>Rendez-vous: in front of le 401 Richmond W<br>Saturday, May 2nd 2026,&nbsp;10AM to&nbsp;11AM<\/strong><\/strong> (no cost)<\/p>\n\n\n\n<figure class=\"wp-block-image size-large\"><img loading=\"lazy\" decoding=\"async\" width=\"1024\" height=\"619\" src=\"https:\/\/lelabo.ca\/en\/wp-content\/uploads\/sites\/3\/2026\/05\/Creation-sans-titre-1024x619.png\" alt=\"\" class=\"wp-image-6571\" srcset=\"https:\/\/lelabo.ca\/en\/wp-content\/uploads\/sites\/3\/2026\/05\/Creation-sans-titre-1024x619.png 1024w, https:\/\/lelabo.ca\/en\/wp-content\/uploads\/sites\/3\/2026\/05\/Creation-sans-titre-300x181.png 300w, https:\/\/lelabo.ca\/en\/wp-content\/uploads\/sites\/3\/2026\/05\/Creation-sans-titre-768x464.png 768w, https:\/\/lelabo.ca\/en\/wp-content\/uploads\/sites\/3\/2026\/05\/Creation-sans-titre.png 1212w\" sizes=\"auto, (max-width: 1024px) 100vw, 1024px\" \/><\/figure>\n\n\n\n<p><em>An urbain stroll : let&rsquo;s rediscover the Fashion District together! <\/em><\/p>\n\n\n\n<h3 class=\"wp-block-heading\">A very first collaboration between Le Labo and la Soci\u00e9t\u00e9 d\u2019Histoire de Toronto for the Jane\u2019s Walk festival<\/h3>\n\n\n\n<p>What if we took the time to look up and truly see our city?<\/p>\n\n\n\n<p>On&nbsp;<strong>Saturday, May 2, 2026<\/strong>,&nbsp;<strong>Le Labo<\/strong>&nbsp;and the&nbsp;<strong>Soci\u00e9t\u00e9 d\u2019Histoire de Toronto (SHT)&nbsp;<\/strong>are joining forces for the very first time! As part of the community-led&nbsp;Jane\u2019s Walk Festival, we invite you to a friendly&nbsp;urban stroll&nbsp;titled&nbsp;<strong><em>\u201cFacadism: Honest Compromise or Superficial Decor?\u201d<\/em><\/strong><\/p>\n\n\n\n<p>Guided by&nbsp;<strong>Dyana Ouvrard&nbsp;(Le Labo)<\/strong> and&nbsp;<strong>Rolande Smith&nbsp;(SHT),<\/strong> we will explore the&nbsp;Fashion District&nbsp;together. Expect an hour of walking and discovering the architecture around us. Why are some old facades kept while the rest of the building is demolished? Is this genuine heritage preservation or just a \u201cfa\u00e7ade\u201d for new towers?<\/p>\n\n\n\n<p>We\u2019ll wrap up our journey at&nbsp;St. Andrew\u2019s Playground Park&nbsp;for a final chat about the future of our neighborhoods. So, lace up your most comfortable sneakers and come share this moment of conviviality and reflection with us.<\/p>\n\n\n\n<p>Looking forward to walking with you. <\/p>\n\n\n\n<h4 class=\"wp-block-heading\">Important info: <\/h4>\n\n\n\n<ul class=\"wp-block-list\">\n<li>Saturday, May 2nd 2026, 10am-11am<\/li>\n\n\n\n<li>Start: 401 Richmond West (in front of Dark Horse Coffee), Toronto<\/li>\n\n\n\n<li>Language: Fran\u00e7ais<\/li>\n\n\n\n<li>Free and open to all <\/li>\n<\/ul>\n\n\n\n<p>We invite you to check out the <a href=\"https:\/\/www.janeswalkfestivalto.com\/saturday-may-2-2026-1\/fl%C3%A2nerie-sur-le-fa%C3%A7adisme\"><strong>official website of the festival<\/strong><\/a>, as well as the website of ONFR+, which kindly published an <strong><a href=\"https:\/\/onfr.tfo.org\/flaner-pour-mieux-voir-toronto-quand-patrimoine-et-regard-artistique-se-rencontrent\/\">article on the walk<\/a>. <\/strong><\/p>\n\n\n\n<figure class=\"wp-block-image size-large\"><img decoding=\"async\" src=\"https:\/\/lelabo.ca\/fr\/wp-content\/uploads\/sites\/2\/2026\/05\/Logo-Page-PH-1024x178.png\" alt=\"\" class=\"wp-image-17231\"\/><\/figure>\n","protected":false},"excerpt":{"rendered":"<p>On\u00a0Saturday, May 2, 2026,\u00a0Le Labo\u00a0and the\u00a0Soci\u00e9t\u00e9 d\u2019Histoire de Toronto (SHT)\u00a0are joining forces for the very first time! As part of the community-led\u00a0Jane\u2019s Walk Festival, we invite you to a friendly\u00a0urban stroll\u00a0titled\u00a0\u201cFacadism: Honest Compromise or Superficial Decor?\u201d <\/p>\n<p>Saturday, May 2nd 2026, 10am-11am<\/p>\n","protected":false},"author":2,"featured_media":6571,"comment_status":"closed","ping_status":"open","sticky":false,"template":"","format":"standard","meta":{"footnotes":""},"categories":[40],"tags":[],"class_list":["post-6568","post","type-post","status-publish","format-standard","has-post-thumbnail","hentry","category-upcoming"],"yoast_head":"<!-- This site is optimized with the Yoast SEO plugin v24.9 - https:\/\/yoast.com\/wordpress\/plugins\/seo\/ -->\n<title>A stroll on Fa\u00e7adism, with Jane&#039;s Walk Festival 2026 - Le Labo EN<\/title>\n<meta name=\"robots\" content=\"index, follow, max-snippet:-1, max-image-preview:large, max-video-preview:-1\" \/>\n<link rel=\"canonical\" href=\"https:\/\/lelabo.ca\/en\/a-stroll-on-facadism-with-janes-walk-festival-2026\/\" \/>\n<meta property=\"og:locale\" content=\"fr_FR\" \/>\n<meta property=\"og:type\" content=\"article\" \/>\n<meta property=\"og:title\" content=\"A stroll on Fa\u00e7adism, with Jane&#039;s Walk Festival 2026 - Le Labo EN\" \/>\n<meta property=\"og:description\" content=\"On\u00a0Saturday, May 2, 2026,\u00a0Le Labo\u00a0and the\u00a0Soci\u00e9t\u00e9 d\u2019Histoire de Toronto (SHT)\u00a0are joining forces for the very first time! As part of the community-led\u00a0Jane\u2019s Walk Festival, we invite you to a friendly\u00a0urban stroll\u00a0titled\u00a0\u201cFacadism: Honest Compromise or Superficial Decor?\u201d  Saturday, May 2nd 2026, 10am-11am\" \/>\n<meta property=\"og:url\" content=\"https:\/\/lelabo.ca\/en\/a-stroll-on-facadism-with-janes-walk-festival-2026\/\" \/>\n<meta property=\"og:site_name\" content=\"Le Labo EN\" \/>\n<meta property=\"article:published_time\" content=\"2026-05-01T21:06:59+00:00\" \/>\n<meta property=\"article:modified_time\" content=\"2026-05-01T21:47:37+00:00\" \/>\n<meta property=\"og:image\" content=\"https:\/\/lelabo.ca\/en\/wp-content\/uploads\/sites\/3\/2026\/05\/Creation-sans-titre.png\" \/>\n\t<meta property=\"og:image:width\" content=\"1212\" \/>\n\t<meta property=\"og:image:height\" content=\"733\" \/>\n\t<meta property=\"og:image:type\" content=\"image\/png\" \/>\n<meta name=\"author\" content=\"Le Labo\" \/>\n<meta name=\"twitter:card\" content=\"summary_large_image\" \/>\n<meta name=\"twitter:label1\" content=\"\u00c9crit par\" \/>\n\t<meta name=\"twitter:data1\" content=\"Le Labo\" \/>\n\t<meta name=\"twitter:label2\" content=\"Dur\u00e9e de lecture estim\u00e9e\" \/>\n\t<meta name=\"twitter:data2\" content=\"2 minutes\" \/>\n<script type=\"application\/ld+json\" class=\"yoast-schema-graph\">{\"@context\":\"https:\/\/schema.org\",\"@graph\":[{\"@type\":\"WebPage\",\"@id\":\"https:\/\/lelabo.ca\/en\/a-stroll-on-facadism-with-janes-walk-festival-2026\/\",\"url\":\"https:\/\/lelabo.ca\/en\/a-stroll-on-facadism-with-janes-walk-festival-2026\/\",\"name\":\"A stroll on Fa\u00e7adism, with Jane's Walk Festival 2026 - Le Labo EN\",\"isPartOf\":{\"@id\":\"https:\/\/lelabo.ca\/en\/#website\"},\"primaryImageOfPage\":{\"@id\":\"https:\/\/lelabo.ca\/en\/a-stroll-on-facadism-with-janes-walk-festival-2026\/#primaryimage\"},\"image\":{\"@id\":\"https:\/\/lelabo.ca\/en\/a-stroll-on-facadism-with-janes-walk-festival-2026\/#primaryimage\"},\"thumbnailUrl\":\"https:\/\/lelabo.ca\/en\/wp-content\/uploads\/sites\/3\/2026\/05\/Creation-sans-titre.png\",\"datePublished\":\"2026-05-01T21:06:59+00:00\",\"dateModified\":\"2026-05-01T21:47:37+00:00\",\"author\":{\"@id\":\"https:\/\/lelabo.ca\/en\/#\/schema\/person\/7edfb4726367f54e3791ef5de3dc4ee9\"},\"breadcrumb\":{\"@id\":\"https:\/\/lelabo.ca\/en\/a-stroll-on-facadism-with-janes-walk-festival-2026\/#breadcrumb\"},\"inLanguage\":\"fr-FR\",\"potentialAction\":[{\"@type\":\"ReadAction\",\"target\":[\"https:\/\/lelabo.ca\/en\/a-stroll-on-facadism-with-janes-walk-festival-2026\/\"]}]},{\"@type\":\"ImageObject\",\"inLanguage\":\"fr-FR\",\"@id\":\"https:\/\/lelabo.ca\/en\/a-stroll-on-facadism-with-janes-walk-festival-2026\/#primaryimage\",\"url\":\"https:\/\/lelabo.ca\/en\/wp-content\/uploads\/sites\/3\/2026\/05\/Creation-sans-titre.png\",\"contentUrl\":\"https:\/\/lelabo.ca\/en\/wp-content\/uploads\/sites\/3\/2026\/05\/Creation-sans-titre.png\",\"width\":1212,\"height\":733},{\"@type\":\"BreadcrumbList\",\"@id\":\"https:\/\/lelabo.ca\/en\/a-stroll-on-facadism-with-janes-walk-festival-2026\/#breadcrumb\",\"itemListElement\":[{\"@type\":\"ListItem\",\"position\":1,\"name\":\"Accueil\",\"item\":\"https:\/\/lelabo.ca\/en\/\"},{\"@type\":\"ListItem\",\"position\":2,\"name\":\"A stroll on Fa\u00e7adism, with Jane&rsquo;s Walk Festival 2026\"}]},{\"@type\":\"WebSite\",\"@id\":\"https:\/\/lelabo.ca\/en\/#website\",\"url\":\"https:\/\/lelabo.ca\/en\/\",\"name\":\"Le Labo EN\",\"description\":\"\",\"potentialAction\":[{\"@type\":\"SearchAction\",\"target\":{\"@type\":\"EntryPoint\",\"urlTemplate\":\"https:\/\/lelabo.ca\/en\/?s={search_term_string}\"},\"query-input\":{\"@type\":\"PropertyValueSpecification\",\"valueRequired\":true,\"valueName\":\"search_term_string\"}}],\"inLanguage\":\"fr-FR\"},{\"@type\":\"Person\",\"@id\":\"https:\/\/lelabo.ca\/en\/#\/schema\/person\/7edfb4726367f54e3791ef5de3dc4ee9\",\"name\":\"Le Labo\",\"image\":{\"@type\":\"ImageObject\",\"inLanguage\":\"fr-FR\",\"@id\":\"https:\/\/lelabo.ca\/en\/#\/schema\/person\/image\/\",\"url\":\"https:\/\/secure.gravatar.com\/avatar\/5ec8dff3972f10ba9f09fc5b62649719c1c83b00f86b62746d1dc1dfcc9424d8?s=96&d=mm&r=g\",\"contentUrl\":\"https:\/\/secure.gravatar.com\/avatar\/5ec8dff3972f10ba9f09fc5b62649719c1c83b00f86b62746d1dc1dfcc9424d8?s=96&d=mm&r=g\",\"caption\":\"Le Labo\"},\"url\":\"https:\/\/lelabo.ca\/en\/author\/carolina\/\"}]}<\/script>\n<!-- \/ Yoast SEO plugin. -->","yoast_head_json":{"title":"A stroll on Fa\u00e7adism, with Jane's Walk Festival 2026 - Le Labo EN","robots":{"index":"index","follow":"follow","max-snippet":"max-snippet:-1","max-image-preview":"max-image-preview:large","max-video-preview":"max-video-preview:-1"},"canonical":"https:\/\/lelabo.ca\/en\/a-stroll-on-facadism-with-janes-walk-festival-2026\/","og_locale":"fr_FR","og_type":"article","og_title":"A stroll on Fa\u00e7adism, with Jane's Walk Festival 2026 - Le Labo EN","og_description":"On\u00a0Saturday, May 2, 2026,\u00a0Le Labo\u00a0and the\u00a0Soci\u00e9t\u00e9 d\u2019Histoire de Toronto (SHT)\u00a0are joining forces for the very first time! As part of the community-led\u00a0Jane\u2019s Walk Festival, we invite you to a friendly\u00a0urban stroll\u00a0titled\u00a0\u201cFacadism: Honest Compromise or Superficial Decor?\u201d  Saturday, May 2nd 2026, 10am-11am","og_url":"https:\/\/lelabo.ca\/en\/a-stroll-on-facadism-with-janes-walk-festival-2026\/","og_site_name":"Le Labo EN","article_published_time":"2026-05-01T21:06:59+00:00","article_modified_time":"2026-05-01T21:47:37+00:00","og_image":[{"width":1212,"height":733,"url":"https:\/\/lelabo.ca\/en\/wp-content\/uploads\/sites\/3\/2026\/05\/Creation-sans-titre.png","type":"image\/png"}],"author":"Le Labo","twitter_card":"summary_large_image","twitter_misc":{"\u00c9crit par":"Le Labo","Dur\u00e9e de lecture estim\u00e9e":"2 minutes"},"schema":{"@context":"https:\/\/schema.org","@graph":[{"@type":"WebPage","@id":"https:\/\/lelabo.ca\/en\/a-stroll-on-facadism-with-janes-walk-festival-2026\/","url":"https:\/\/lelabo.ca\/en\/a-stroll-on-facadism-with-janes-walk-festival-2026\/","name":"A stroll on Fa\u00e7adism, with Jane's Walk Festival 2026 - Le Labo EN","isPartOf":{"@id":"https:\/\/lelabo.ca\/en\/#website"},"primaryImageOfPage":{"@id":"https:\/\/lelabo.ca\/en\/a-stroll-on-facadism-with-janes-walk-festival-2026\/#primaryimage"},"image":{"@id":"https:\/\/lelabo.ca\/en\/a-stroll-on-facadism-with-janes-walk-festival-2026\/#primaryimage"},"thumbnailUrl":"https:\/\/lelabo.ca\/en\/wp-content\/uploads\/sites\/3\/2026\/05\/Creation-sans-titre.png","datePublished":"2026-05-01T21:06:59+00:00","dateModified":"2026-05-01T21:47:37+00:00","author":{"@id":"https:\/\/lelabo.ca\/en\/#\/schema\/person\/7edfb4726367f54e3791ef5de3dc4ee9"},"breadcrumb":{"@id":"https:\/\/lelabo.ca\/en\/a-stroll-on-facadism-with-janes-walk-festival-2026\/#breadcrumb"},"inLanguage":"fr-FR","potentialAction":[{"@type":"ReadAction","target":["https:\/\/lelabo.ca\/en\/a-stroll-on-facadism-with-janes-walk-festival-2026\/"]}]},{"@type":"ImageObject","inLanguage":"fr-FR","@id":"https:\/\/lelabo.ca\/en\/a-stroll-on-facadism-with-janes-walk-festival-2026\/#primaryimage","url":"https:\/\/lelabo.ca\/en\/wp-content\/uploads\/sites\/3\/2026\/05\/Creation-sans-titre.png","contentUrl":"https:\/\/lelabo.ca\/en\/wp-content\/uploads\/sites\/3\/2026\/05\/Creation-sans-titre.png","width":1212,"height":733},{"@type":"BreadcrumbList","@id":"https:\/\/lelabo.ca\/en\/a-stroll-on-facadism-with-janes-walk-festival-2026\/#breadcrumb","itemListElement":[{"@type":"ListItem","position":1,"name":"Accueil","item":"https:\/\/lelabo.ca\/en\/"},{"@type":"ListItem","position":2,"name":"A stroll on Fa\u00e7adism, with Jane&rsquo;s Walk Festival 2026"}]},{"@type":"WebSite","@id":"https:\/\/lelabo.ca\/en\/#website","url":"https:\/\/lelabo.ca\/en\/","name":"Le Labo EN","description":"","potentialAction":[{"@type":"SearchAction","target":{"@type":"EntryPoint","urlTemplate":"https:\/\/lelabo.ca\/en\/?s={search_term_string}"},"query-input":{"@type":"PropertyValueSpecification","valueRequired":true,"valueName":"search_term_string"}}],"inLanguage":"fr-FR"},{"@type":"Person","@id":"https:\/\/lelabo.ca\/en\/#\/schema\/person\/7edfb4726367f54e3791ef5de3dc4ee9","name":"Le Labo","image":{"@type":"ImageObject","inLanguage":"fr-FR","@id":"https:\/\/lelabo.ca\/en\/#\/schema\/person\/image\/","url":"https:\/\/secure.gravatar.com\/avatar\/5ec8dff3972f10ba9f09fc5b62649719c1c83b00f86b62746d1dc1dfcc9424d8?s=96&d=mm&r=g","contentUrl":"https:\/\/secure.gravatar.com\/avatar\/5ec8dff3972f10ba9f09fc5b62649719c1c83b00f86b62746d1dc1dfcc9424d8?s=96&d=mm&r=g","caption":"Le Labo"},"url":"https:\/\/lelabo.ca\/en\/author\/carolina\/"}]}},"_links":{"self":[{"href":"https:\/\/lelabo.ca\/en\/wp-json\/wp\/v2\/posts\/6568","targetHints":{"allow":["GET"]}}],"collection":[{"href":"https:\/\/lelabo.ca\/en\/wp-json\/wp\/v2\/posts"}],"about":[{"href":"https:\/\/lelabo.ca\/en\/wp-json\/wp\/v2\/types\/post"}],"author":[{"embeddable":true,"href":"https:\/\/lelabo.ca\/en\/wp-json\/wp\/v2\/users\/2"}],"replies":[{"embeddable":true,"href":"https:\/\/lelabo.ca\/en\/wp-json\/wp\/v2\/comments?post=6568"}],"version-history":[{"count":2,"href":"https:\/\/lelabo.ca\/en\/wp-json\/wp\/v2\/posts\/6568\/revisions"}],"predecessor-version":[{"id":6572,"href":"https:\/\/lelabo.ca\/en\/wp-json\/wp\/v2\/posts\/6568\/revisions\/6572"}],"wp:featuredmedia":[{"embeddable":true,"href":"https:\/\/lelabo.ca\/en\/wp-json\/wp\/v2\/media\/6571"}],"wp:attachment":[{"href":"https:\/\/lelabo.ca\/en\/wp-json\/wp\/v2\/media?parent=6568"}],"wp:term":[{"taxonomy":"category","embeddable":true,"href":"https:\/\/lelabo.ca\/en\/wp-json\/wp\/v2\/categories?post=6568"},{"taxonomy":"post_tag","embeddable":true,"href":"https:\/\/lelabo.ca\/en\/wp-json\/wp\/v2\/tags?post=6568"}],"curies":[{"name":"wp","href":"https:\/\/api.w.org\/{rel}","templated":true}]}}