{"id":12813,"date":"2021-07-01T02:26:08","date_gmt":"2021-07-01T02:26:08","guid":{"rendered":"http:\/\/lelabo.ca\/fr\/?p=12813"},"modified":"2021-07-19T05:04:54","modified_gmt":"2021-07-19T05:04:54","slug":"projection-des-court-metrages-du-programme-de-mentorat-documentaire-du-labo","status":"publish","type":"post","link":"https:\/\/lelabo.ca\/fr\/projection-des-court-metrages-du-programme-de-mentorat-documentaire-du-labo\/","title":{"rendered":"Projection des court-m\u00e9trages du programme de mentorat documentaire du Labo."},"content":{"rendered":"\n<div style=\"height:40px\" aria-hidden=\"true\" class=\"wp-block-spacer\"><\/div>\n\n\n\n<p>Le Labo vous pr\u00e9sente les films de son programme de mentorat documentaire !<br><br>Pendant plusieurs mois, nous avons accompagn\u00e9 quatre artistes francophones \u00e9mergent.e.s, nouvellement arriv\u00e9s \u00e0 Toronto et\/ou issus de la diversit\u00e9 culturelle.<br><br>On vous donne rendez-vous pour une projection virtuelle de leurs court-m\u00e9trages en avant-premi\u00e8re sur notre plateforme Vim\u00e9o, le <strong>18 juillet \u00e0 17h30<\/strong> : <a rel=\"noreferrer noopener\" aria-label=\" (s\u2019ouvre dans un nouvel onglet)\" href=\"https:\/\/www.eventbrite.ca\/e\/billets-projection-de-court-metrages-documentaires-francophones-163724822351\" target=\"_blank\">https:\/\/www.eventbrite.ca\/e\/billets-projection-de-court-metrages-documentaires-francophones-163724822351<\/a>.<br><br><br>\u00ab\u00a0Dear dance\u00a0\u00bb de <a rel=\"noreferrer noopener\" href=\"https:\/\/lelabo.ca\/fr\/membre\/pascaline-lebras\/\" target=\"_blank\">Pascaline LEBRAS<\/a><br>\u00ab\u00a0Je suis p\u00e8re\u00a0\u00bb de <a rel=\"noreferrer noopener\" href=\"https:\/\/lelabo.ca\/fr\/membre\/guillaume-lorin\/\" target=\"_blank\">Guillaume LORIN<\/a><br>\u00ab\u00a0Un m\u00e9tro pas comme les autres\u00a0\u00bb de <a rel=\"noreferrer noopener\" href=\"https:\/\/lelabo.ca\/fr\/membre\/jean-christophe-foolchand\/\" target=\"_blank\">Jean-Christophe FOOLCHAND<\/a><br>\u00ab\u00a0Processus cr\u00e9atif d&rsquo;un projet avort\u00e9\u00a0\u00bb de <a rel=\"noreferrer noopener\" href=\"https:\/\/lelabo.ca\/fr\/membre\/michael-promeneur\/\" target=\"_blank\">Michael PROMENEUR<\/a><br><br><a href=\"https:\/\/lelabo.ca\/fr\/mais-qui-sont-nos-apprentis-cineastes\/\" target=\"_blank\" rel=\"noreferrer noopener\" aria-label=\"CLIQUEZ : PORTRAITS DES CIN\u00c9ASTES. (s\u2019ouvre dans un nouvel onglet)\">CLIQUEZ : PORTRAITS DES CIN\u00c9ASTES.<\/a><\/p>\n\n\n\n<div style=\"height:73px\" aria-hidden=\"true\" class=\"wp-block-spacer\"><\/div>\n\n\n\n<figure class=\"wp-block-embed-vimeo aligncenter wp-block-embed is-type-video is-provider-vimeo wp-embed-aspect-16-9 wp-has-aspect-ratio\"><div class=\"wp-block-embed__wrapper\">\n<iframe loading=\"lazy\" title=\"LE LABO \/\/ Les films du programme de Mentorat en Documentaire (Teaser)\" src=\"https:\/\/player.vimeo.com\/video\/576155875?dnt=1&amp;app_id=122963\" width=\"700\" height=\"394\" frameborder=\"0\" allow=\"autoplay; fullscreen; picture-in-picture\" allowfullscreen><\/iframe>\n<\/div><\/figure>\n\n\n\n<div style=\"height:71px\" aria-hidden=\"true\" class=\"wp-block-spacer\"><\/div>\n\n\n\n<p>Inscrivez-vous et un lien vous sera envoy\u00e9 le jour J ! Restez \u00e0 l\u2019aff\u00fbt !<\/p>\n\n\n\n<p>D\u00e9couvrez le fruit de leur labeur, d\u00e8s le <strong>18 juillet \u00e0 17h30<\/strong> !<\/p>\n\n\n\n<p><strong>Inscription et information :<\/strong><br>Eventbrite : <a rel=\"noreferrer noopener\" aria-label=\" (s\u2019ouvre dans un nouvel onglet)\" href=\"https:\/\/www.eventbrite.ca\/e\/billets-projection-de-court-metrages-documentaires-francophones-163724822351\" target=\"_blank\">https:\/\/www.eventbrite.ca\/e\/billets-projection-de-court-metrages-documentaires-francophones-163724822351<\/a><br>Courriel : <a href=\"mailto:com@lelabo.ca\">com@lelabo.ca<\/a><br><br><\/p>\n\n\n\n<div style=\"height:31px\" aria-hidden=\"true\" class=\"wp-block-spacer\"><\/div>\n\n\n\n<p>L\u2019objectif de ce programme est de former une rel\u00e8ve artistique qui repr\u00e9sente mieux la population dont le d\u00e9nominateur commun est la francophonie, et ainsi de solidifier la carri\u00e8re des apprenti\u00b7e\u00b7s.<br><\/p>\n\n\n\n<p>Les participant\u00b7e\u00b7s ont b\u00e9n\u00e9fici\u00e9s d\u2019un accompagnement professionnel dans la recherche, le d\u00e9veloppement, et la r\u00e9alisation d\u2019un film documentaire de court ou de moyen m\u00e9trage. <\/p>\n\n\n\n<div style=\"height:54px\" aria-hidden=\"true\" class=\"wp-block-spacer\"><\/div>\n\n\n\n<figure class=\"wp-block-image size-large is-resized\"><img loading=\"lazy\" decoding=\"async\" src=\"https:\/\/lelabo.ca\/fr\/wp-content\/uploads\/sites\/2\/2021\/07\/Prog_mentorat_banner.png\" alt=\"\" class=\"wp-image-12820\" width=\"567\" height=\"284\" srcset=\"https:\/\/lelabo.ca\/fr\/wp-content\/uploads\/sites\/2\/2021\/07\/Prog_mentorat_banner.png 900w, https:\/\/lelabo.ca\/fr\/wp-content\/uploads\/sites\/2\/2021\/07\/Prog_mentorat_banner-300x150.png 300w, https:\/\/lelabo.ca\/fr\/wp-content\/uploads\/sites\/2\/2021\/07\/Prog_mentorat_banner-768x384.png 768w\" sizes=\"auto, (max-width: 567px) 100vw, 567px\" \/><\/figure>\n\n\n\n<div style=\"height:43px\" aria-hidden=\"true\" class=\"wp-block-spacer\"><\/div>\n\n\n\n<p>Renseignements sur le programme de mentorat documentaire : <a rel=\"noreferrer noopener\" href=\"https:\/\/lelabo.ca\/fr\/mentorat\/\" target=\"_blank\">https:\/\/lelabo.ca\/fr\/mentorat\/<\/a><\/p>\n\n\n\n<div style=\"height:60px\" aria-hidden=\"true\" class=\"wp-block-spacer\"><\/div>\n","protected":false},"excerpt":{"rendered":"<p>Le Labo vous pr\u00e9sente les films de son programme de mentorat documentaire ! Pendant plusieurs mois, nous avons accompagn\u00e9 quatre artistes francophones \u00e9mergent.e.s, nouvellement arriv\u00e9s \u00e0 Toronto et\/ou issus de la diversit\u00e9 culturelle. On vous donne rendez-vous pour une projection<\/p>\n","protected":false},"author":2,"featured_media":12828,"comment_status":"closed","ping_status":"closed","sticky":false,"template":"","format":"standard","meta":{"footnotes":""},"categories":[74],"tags":[],"class_list":["post-12813","post","type-post","status-publish","format-standard","has-post-thumbnail","hentry","category-a-venir"],"yoast_head":"<!-- This site is optimized with the Yoast SEO plugin v24.9 - https:\/\/yoast.com\/wordpress\/plugins\/seo\/ -->\n<title>Projection des court-m\u00e9trages du programme de mentorat documentaire du Labo. - Le Labo FR<\/title>\n<meta name=\"robots\" content=\"index, follow, max-snippet:-1, max-image-preview:large, max-video-preview:-1\" \/>\n<link rel=\"canonical\" href=\"https:\/\/lelabo.ca\/fr\/projection-des-court-metrages-du-programme-de-mentorat-documentaire-du-labo\/\" \/>\n<meta property=\"og:locale\" content=\"fr_FR\" \/>\n<meta property=\"og:type\" content=\"article\" \/>\n<meta property=\"og:title\" content=\"Projection des court-m\u00e9trages du programme de mentorat documentaire du Labo. - Le Labo FR\" \/>\n<meta property=\"og:description\" content=\"Le Labo vous pr\u00e9sente les films de son programme de mentorat documentaire ! Pendant plusieurs mois, nous avons accompagn\u00e9 quatre artistes francophones \u00e9mergent.e.s, nouvellement arriv\u00e9s \u00e0 Toronto et\/ou issus de la diversit\u00e9 culturelle. On vous donne rendez-vous pour une projection\" \/>\n<meta property=\"og:url\" content=\"https:\/\/lelabo.ca\/fr\/projection-des-court-metrages-du-programme-de-mentorat-documentaire-du-labo\/\" \/>\n<meta property=\"og:site_name\" content=\"Le Labo FR\" \/>\n<meta property=\"article:published_time\" content=\"2021-07-01T02:26:08+00:00\" \/>\n<meta property=\"article:modified_time\" content=\"2021-07-19T05:04:54+00:00\" \/>\n<meta property=\"og:image\" content=\"https:\/\/lelabo.ca\/fr\/wp-content\/uploads\/sites\/2\/2021\/07\/Vignette-article-site-internet-Labo-2020-2.png\" \/>\n\t<meta property=\"og:image:width\" content=\"254\" \/>\n\t<meta property=\"og:image:height\" content=\"113\" \/>\n\t<meta property=\"og:image:type\" content=\"image\/png\" \/>\n<meta name=\"author\" content=\"Le Labo\" \/>\n<meta name=\"twitter:card\" content=\"summary_large_image\" \/>\n<meta name=\"twitter:label1\" content=\"\u00c9crit par\" \/>\n\t<meta name=\"twitter:data1\" content=\"Le Labo\" \/>\n\t<meta name=\"twitter:label2\" content=\"Dur\u00e9e de lecture estim\u00e9e\" \/>\n\t<meta name=\"twitter:data2\" content=\"1 minute\" \/>\n<script type=\"application\/ld+json\" class=\"yoast-schema-graph\">{\"@context\":\"https:\/\/schema.org\",\"@graph\":[{\"@type\":\"WebPage\",\"@id\":\"https:\/\/lelabo.ca\/fr\/projection-des-court-metrages-du-programme-de-mentorat-documentaire-du-labo\/\",\"url\":\"https:\/\/lelabo.ca\/fr\/projection-des-court-metrages-du-programme-de-mentorat-documentaire-du-labo\/\",\"name\":\"Projection des court-m\u00e9trages du programme de mentorat documentaire du Labo. - Le Labo FR\",\"isPartOf\":{\"@id\":\"https:\/\/lelabo.ca\/fr\/#website\"},\"primaryImageOfPage\":{\"@id\":\"https:\/\/lelabo.ca\/fr\/projection-des-court-metrages-du-programme-de-mentorat-documentaire-du-labo\/#primaryimage\"},\"image\":{\"@id\":\"https:\/\/lelabo.ca\/fr\/projection-des-court-metrages-du-programme-de-mentorat-documentaire-du-labo\/#primaryimage\"},\"thumbnailUrl\":\"https:\/\/lelabo.ca\/fr\/wp-content\/uploads\/sites\/2\/2021\/07\/Vignette-article-site-internet-Labo-2020-2.png\",\"datePublished\":\"2021-07-01T02:26:08+00:00\",\"dateModified\":\"2021-07-19T05:04:54+00:00\",\"author\":{\"@id\":\"https:\/\/lelabo.ca\/fr\/#\/schema\/person\/7edfb4726367f54e3791ef5de3dc4ee9\"},\"breadcrumb\":{\"@id\":\"https:\/\/lelabo.ca\/fr\/projection-des-court-metrages-du-programme-de-mentorat-documentaire-du-labo\/#breadcrumb\"},\"inLanguage\":\"fr-FR\",\"potentialAction\":[{\"@type\":\"ReadAction\",\"target\":[\"https:\/\/lelabo.ca\/fr\/projection-des-court-metrages-du-programme-de-mentorat-documentaire-du-labo\/\"]}]},{\"@type\":\"ImageObject\",\"inLanguage\":\"fr-FR\",\"@id\":\"https:\/\/lelabo.ca\/fr\/projection-des-court-metrages-du-programme-de-mentorat-documentaire-du-labo\/#primaryimage\",\"url\":\"https:\/\/lelabo.ca\/fr\/wp-content\/uploads\/sites\/2\/2021\/07\/Vignette-article-site-internet-Labo-2020-2.png\",\"contentUrl\":\"https:\/\/lelabo.ca\/fr\/wp-content\/uploads\/sites\/2\/2021\/07\/Vignette-article-site-internet-Labo-2020-2.png\",\"width\":254,\"height\":113},{\"@type\":\"BreadcrumbList\",\"@id\":\"https:\/\/lelabo.ca\/fr\/projection-des-court-metrages-du-programme-de-mentorat-documentaire-du-labo\/#breadcrumb\",\"itemListElement\":[{\"@type\":\"ListItem\",\"position\":1,\"name\":\"Accueil\",\"item\":\"https:\/\/lelabo.ca\/fr\/\"},{\"@type\":\"ListItem\",\"position\":2,\"name\":\"Projection des court-m\u00e9trages du programme de mentorat documentaire du Labo.\"}]},{\"@type\":\"WebSite\",\"@id\":\"https:\/\/lelabo.ca\/fr\/#website\",\"url\":\"https:\/\/lelabo.ca\/fr\/\",\"name\":\"Le Labo FR\",\"description\":\"\",\"potentialAction\":[{\"@type\":\"SearchAction\",\"target\":{\"@type\":\"EntryPoint\",\"urlTemplate\":\"https:\/\/lelabo.ca\/fr\/?s={search_term_string}\"},\"query-input\":{\"@type\":\"PropertyValueSpecification\",\"valueRequired\":true,\"valueName\":\"search_term_string\"}}],\"inLanguage\":\"fr-FR\"},{\"@type\":\"Person\",\"@id\":\"https:\/\/lelabo.ca\/fr\/#\/schema\/person\/7edfb4726367f54e3791ef5de3dc4ee9\",\"name\":\"Le Labo\",\"url\":\"https:\/\/lelabo.ca\/fr\/author\/carolina\/\"}]}<\/script>\n<!-- \/ Yoast SEO plugin. -->","yoast_head_json":{"title":"Projection des court-m\u00e9trages du programme de mentorat documentaire du Labo. - Le Labo FR","robots":{"index":"index","follow":"follow","max-snippet":"max-snippet:-1","max-image-preview":"max-image-preview:large","max-video-preview":"max-video-preview:-1"},"canonical":"https:\/\/lelabo.ca\/fr\/projection-des-court-metrages-du-programme-de-mentorat-documentaire-du-labo\/","og_locale":"fr_FR","og_type":"article","og_title":"Projection des court-m\u00e9trages du programme de mentorat documentaire du Labo. - Le Labo FR","og_description":"Le Labo vous pr\u00e9sente les films de son programme de mentorat documentaire ! Pendant plusieurs mois, nous avons accompagn\u00e9 quatre artistes francophones \u00e9mergent.e.s, nouvellement arriv\u00e9s \u00e0 Toronto et\/ou issus de la diversit\u00e9 culturelle. On vous donne rendez-vous pour une projection","og_url":"https:\/\/lelabo.ca\/fr\/projection-des-court-metrages-du-programme-de-mentorat-documentaire-du-labo\/","og_site_name":"Le Labo FR","article_published_time":"2021-07-01T02:26:08+00:00","article_modified_time":"2021-07-19T05:04:54+00:00","og_image":[{"width":254,"height":113,"url":"https:\/\/lelabo.ca\/fr\/wp-content\/uploads\/sites\/2\/2021\/07\/Vignette-article-site-internet-Labo-2020-2.png","type":"image\/png"}],"author":"Le Labo","twitter_card":"summary_large_image","twitter_misc":{"\u00c9crit par":"Le Labo","Dur\u00e9e de lecture estim\u00e9e":"1 minute"},"schema":{"@context":"https:\/\/schema.org","@graph":[{"@type":"WebPage","@id":"https:\/\/lelabo.ca\/fr\/projection-des-court-metrages-du-programme-de-mentorat-documentaire-du-labo\/","url":"https:\/\/lelabo.ca\/fr\/projection-des-court-metrages-du-programme-de-mentorat-documentaire-du-labo\/","name":"Projection des court-m\u00e9trages du programme de mentorat documentaire du Labo. - Le Labo FR","isPartOf":{"@id":"https:\/\/lelabo.ca\/fr\/#website"},"primaryImageOfPage":{"@id":"https:\/\/lelabo.ca\/fr\/projection-des-court-metrages-du-programme-de-mentorat-documentaire-du-labo\/#primaryimage"},"image":{"@id":"https:\/\/lelabo.ca\/fr\/projection-des-court-metrages-du-programme-de-mentorat-documentaire-du-labo\/#primaryimage"},"thumbnailUrl":"https:\/\/lelabo.ca\/fr\/wp-content\/uploads\/sites\/2\/2021\/07\/Vignette-article-site-internet-Labo-2020-2.png","datePublished":"2021-07-01T02:26:08+00:00","dateModified":"2021-07-19T05:04:54+00:00","author":{"@id":"https:\/\/lelabo.ca\/fr\/#\/schema\/person\/7edfb4726367f54e3791ef5de3dc4ee9"},"breadcrumb":{"@id":"https:\/\/lelabo.ca\/fr\/projection-des-court-metrages-du-programme-de-mentorat-documentaire-du-labo\/#breadcrumb"},"inLanguage":"fr-FR","potentialAction":[{"@type":"ReadAction","target":["https:\/\/lelabo.ca\/fr\/projection-des-court-metrages-du-programme-de-mentorat-documentaire-du-labo\/"]}]},{"@type":"ImageObject","inLanguage":"fr-FR","@id":"https:\/\/lelabo.ca\/fr\/projection-des-court-metrages-du-programme-de-mentorat-documentaire-du-labo\/#primaryimage","url":"https:\/\/lelabo.ca\/fr\/wp-content\/uploads\/sites\/2\/2021\/07\/Vignette-article-site-internet-Labo-2020-2.png","contentUrl":"https:\/\/lelabo.ca\/fr\/wp-content\/uploads\/sites\/2\/2021\/07\/Vignette-article-site-internet-Labo-2020-2.png","width":254,"height":113},{"@type":"BreadcrumbList","@id":"https:\/\/lelabo.ca\/fr\/projection-des-court-metrages-du-programme-de-mentorat-documentaire-du-labo\/#breadcrumb","itemListElement":[{"@type":"ListItem","position":1,"name":"Accueil","item":"https:\/\/lelabo.ca\/fr\/"},{"@type":"ListItem","position":2,"name":"Projection des court-m\u00e9trages du programme de mentorat documentaire du Labo."}]},{"@type":"WebSite","@id":"https:\/\/lelabo.ca\/fr\/#website","url":"https:\/\/lelabo.ca\/fr\/","name":"Le Labo FR","description":"","potentialAction":[{"@type":"SearchAction","target":{"@type":"EntryPoint","urlTemplate":"https:\/\/lelabo.ca\/fr\/?s={search_term_string}"},"query-input":{"@type":"PropertyValueSpecification","valueRequired":true,"valueName":"search_term_string"}}],"inLanguage":"fr-FR"},{"@type":"Person","@id":"https:\/\/lelabo.ca\/fr\/#\/schema\/person\/7edfb4726367f54e3791ef5de3dc4ee9","name":"Le Labo","url":"https:\/\/lelabo.ca\/fr\/author\/carolina\/"}]}},"_links":{"self":[{"href":"https:\/\/lelabo.ca\/fr\/wp-json\/wp\/v2\/posts\/12813","targetHints":{"allow":["GET"]}}],"collection":[{"href":"https:\/\/lelabo.ca\/fr\/wp-json\/wp\/v2\/posts"}],"about":[{"href":"https:\/\/lelabo.ca\/fr\/wp-json\/wp\/v2\/types\/post"}],"author":[{"embeddable":true,"href":"https:\/\/lelabo.ca\/fr\/wp-json\/wp\/v2\/users\/2"}],"replies":[{"embeddable":true,"href":"https:\/\/lelabo.ca\/fr\/wp-json\/wp\/v2\/comments?post=12813"}],"version-history":[{"count":18,"href":"https:\/\/lelabo.ca\/fr\/wp-json\/wp\/v2\/posts\/12813\/revisions"}],"predecessor-version":[{"id":12934,"href":"https:\/\/lelabo.ca\/fr\/wp-json\/wp\/v2\/posts\/12813\/revisions\/12934"}],"wp:featuredmedia":[{"embeddable":true,"href":"https:\/\/lelabo.ca\/fr\/wp-json\/wp\/v2\/media\/12828"}],"wp:attachment":[{"href":"https:\/\/lelabo.ca\/fr\/wp-json\/wp\/v2\/media?parent=12813"}],"wp:term":[{"taxonomy":"category","embeddable":true,"href":"https:\/\/lelabo.ca\/fr\/wp-json\/wp\/v2\/categories?post=12813"},{"taxonomy":"post_tag","embeddable":true,"href":"https:\/\/lelabo.ca\/fr\/wp-json\/wp\/v2\/tags?post=12813"}],"curies":[{"name":"wp","href":"https:\/\/api.w.org\/{rel}","templated":true}]}}