{"id":136,"date":"2010-11-26T19:02:34","date_gmt":"2010-11-26T19:02:34","guid":{"rendered":"http:\/\/lelabo.ca\/wordpress\/fr\/2010\/11\/26\/festival-elektra\/"},"modified":"2015-12-11T21:23:33","modified_gmt":"2015-12-11T21:23:33","slug":"festival-elektra","status":"publish","type":"post","link":"https:\/\/lelabo.ca\/fr\/festival-elektra\/","title":{"rendered":"Festival Elektra"},"content":{"rendered":"<p>Elektra est une manifestation culturelle montr\u00e9alaise de haut calibre pr\u00e9sentant des oeuvres et des artistes qui allient musique \u00e9lectronique de pointe et cr\u00e9ation visuelle issue des nouvelles technologies (l\u2019animation, l\u2019installation et la robotique). <cite>Elektra, a high-calibre Montreal-based cultural initiative, presents artists and works of art that align the latest electronic music and visual creations derived from new technologies (animation, installation and robotics). <\/cite><\/p>\n","protected":false},"excerpt":{"rendered":"<p>Elektra est une manifestation culturelle montr\u00e9alaise de haut calibre pr\u00e9sentant des oeuvres et des artistes qui allient musique \u00e9lectronique de pointe et cr\u00e9ation visuelle issue des nouvelles technologies (l\u2019animation, l\u2019installation et la robotique). <cite>Elektra, a high-calibre Montreal-based cultural initiative, presents artists and works of art that align the latest electronic music and visual creations derived from new technologies (animation, installation and robotics). <\/cite><\/p>\n","protected":false},"author":1,"featured_media":0,"comment_status":"closed","ping_status":"open","sticky":false,"template":"","format":"standard","meta":{"footnotes":""},"categories":[6],"tags":[],"class_list":["post-136","post","type-post","status-publish","format-standard","hentry","category-organizations"],"yoast_head":"<!-- This site is optimized with the Yoast SEO plugin v24.9 - https:\/\/yoast.com\/wordpress\/plugins\/seo\/ -->\n<title>Festival Elektra - Le Labo FR<\/title>\n<meta name=\"robots\" content=\"index, follow, max-snippet:-1, max-image-preview:large, max-video-preview:-1\" \/>\n<link rel=\"canonical\" href=\"https:\/\/lelabo.ca\/fr\/festival-elektra\/\" \/>\n<meta property=\"og:locale\" content=\"fr_FR\" \/>\n<meta property=\"og:type\" content=\"article\" \/>\n<meta property=\"og:title\" content=\"Festival Elektra - Le Labo FR\" \/>\n<meta property=\"og:description\" content=\"Elektra est une manifestation culturelle montr\u00e9alaise de haut calibre pr\u00e9sentant des oeuvres et des artistes qui allient musique \u00e9lectronique de pointe et cr\u00e9ation visuelle issue des nouvelles technologies (l\u2019animation, l\u2019installation et la robotique). Elektra, a high-calibre Montreal-based cultural initiative, presents artists and works of art that align the latest electronic music and visual creations derived from new technologies (animation, installation and robotics).\" \/>\n<meta property=\"og:url\" content=\"https:\/\/lelabo.ca\/fr\/festival-elektra\/\" \/>\n<meta property=\"og:site_name\" content=\"Le Labo FR\" \/>\n<meta property=\"article:published_time\" content=\"2010-11-26T19:02:34+00:00\" \/>\n<meta property=\"article:modified_time\" content=\"2015-12-11T21:23:33+00:00\" \/>\n<meta name=\"author\" content=\"lelabo-adm\" \/>\n<meta name=\"twitter:card\" content=\"summary_large_image\" \/>\n<meta name=\"twitter:label1\" content=\"\u00c9crit par\" \/>\n\t<meta name=\"twitter:data1\" content=\"lelabo-adm\" \/>\n<script type=\"application\/ld+json\" class=\"yoast-schema-graph\">{\"@context\":\"https:\/\/schema.org\",\"@graph\":[{\"@type\":\"WebPage\",\"@id\":\"https:\/\/lelabo.ca\/fr\/festival-elektra\/\",\"url\":\"https:\/\/lelabo.ca\/fr\/festival-elektra\/\",\"name\":\"Festival Elektra - Le Labo FR\",\"isPartOf\":{\"@id\":\"https:\/\/lelabo.ca\/fr\/#website\"},\"datePublished\":\"2010-11-26T19:02:34+00:00\",\"dateModified\":\"2015-12-11T21:23:33+00:00\",\"author\":{\"@id\":\"https:\/\/lelabo.ca\/fr\/#\/schema\/person\/a1a47f247614136cb4727be37ca0acdf\"},\"breadcrumb\":{\"@id\":\"https:\/\/lelabo.ca\/fr\/festival-elektra\/#breadcrumb\"},\"inLanguage\":\"fr-FR\",\"potentialAction\":[{\"@type\":\"ReadAction\",\"target\":[\"https:\/\/lelabo.ca\/fr\/festival-elektra\/\"]}]},{\"@type\":\"BreadcrumbList\",\"@id\":\"https:\/\/lelabo.ca\/fr\/festival-elektra\/#breadcrumb\",\"itemListElement\":[{\"@type\":\"ListItem\",\"position\":1,\"name\":\"Accueil\",\"item\":\"https:\/\/lelabo.ca\/fr\/\"},{\"@type\":\"ListItem\",\"position\":2,\"name\":\"Festival Elektra\"}]},{\"@type\":\"WebSite\",\"@id\":\"https:\/\/lelabo.ca\/fr\/#website\",\"url\":\"https:\/\/lelabo.ca\/fr\/\",\"name\":\"Le Labo FR\",\"description\":\"\",\"potentialAction\":[{\"@type\":\"SearchAction\",\"target\":{\"@type\":\"EntryPoint\",\"urlTemplate\":\"https:\/\/lelabo.ca\/fr\/?s={search_term_string}\"},\"query-input\":{\"@type\":\"PropertyValueSpecification\",\"valueRequired\":true,\"valueName\":\"search_term_string\"}}],\"inLanguage\":\"fr-FR\"},{\"@type\":\"Person\",\"@id\":\"https:\/\/lelabo.ca\/fr\/#\/schema\/person\/a1a47f247614136cb4727be37ca0acdf\",\"name\":\"lelabo-adm\",\"url\":\"https:\/\/lelabo.ca\/fr\/author\/lelabo-adm\/\"}]}<\/script>\n<!-- \/ Yoast SEO plugin. -->","yoast_head_json":{"title":"Festival Elektra - Le Labo FR","robots":{"index":"index","follow":"follow","max-snippet":"max-snippet:-1","max-image-preview":"max-image-preview:large","max-video-preview":"max-video-preview:-1"},"canonical":"https:\/\/lelabo.ca\/fr\/festival-elektra\/","og_locale":"fr_FR","og_type":"article","og_title":"Festival Elektra - Le Labo FR","og_description":"Elektra est une manifestation culturelle montr\u00e9alaise de haut calibre pr\u00e9sentant des oeuvres et des artistes qui allient musique \u00e9lectronique de pointe et cr\u00e9ation visuelle issue des nouvelles technologies (l\u2019animation, l\u2019installation et la robotique). Elektra, a high-calibre Montreal-based cultural initiative, presents artists and works of art that align the latest electronic music and visual creations derived from new technologies (animation, installation and robotics).","og_url":"https:\/\/lelabo.ca\/fr\/festival-elektra\/","og_site_name":"Le Labo FR","article_published_time":"2010-11-26T19:02:34+00:00","article_modified_time":"2015-12-11T21:23:33+00:00","author":"lelabo-adm","twitter_card":"summary_large_image","twitter_misc":{"\u00c9crit par":"lelabo-adm"},"schema":{"@context":"https:\/\/schema.org","@graph":[{"@type":"WebPage","@id":"https:\/\/lelabo.ca\/fr\/festival-elektra\/","url":"https:\/\/lelabo.ca\/fr\/festival-elektra\/","name":"Festival Elektra - Le Labo FR","isPartOf":{"@id":"https:\/\/lelabo.ca\/fr\/#website"},"datePublished":"2010-11-26T19:02:34+00:00","dateModified":"2015-12-11T21:23:33+00:00","author":{"@id":"https:\/\/lelabo.ca\/fr\/#\/schema\/person\/a1a47f247614136cb4727be37ca0acdf"},"breadcrumb":{"@id":"https:\/\/lelabo.ca\/fr\/festival-elektra\/#breadcrumb"},"inLanguage":"fr-FR","potentialAction":[{"@type":"ReadAction","target":["https:\/\/lelabo.ca\/fr\/festival-elektra\/"]}]},{"@type":"BreadcrumbList","@id":"https:\/\/lelabo.ca\/fr\/festival-elektra\/#breadcrumb","itemListElement":[{"@type":"ListItem","position":1,"name":"Accueil","item":"https:\/\/lelabo.ca\/fr\/"},{"@type":"ListItem","position":2,"name":"Festival Elektra"}]},{"@type":"WebSite","@id":"https:\/\/lelabo.ca\/fr\/#website","url":"https:\/\/lelabo.ca\/fr\/","name":"Le Labo FR","description":"","potentialAction":[{"@type":"SearchAction","target":{"@type":"EntryPoint","urlTemplate":"https:\/\/lelabo.ca\/fr\/?s={search_term_string}"},"query-input":{"@type":"PropertyValueSpecification","valueRequired":true,"valueName":"search_term_string"}}],"inLanguage":"fr-FR"},{"@type":"Person","@id":"https:\/\/lelabo.ca\/fr\/#\/schema\/person\/a1a47f247614136cb4727be37ca0acdf","name":"lelabo-adm","url":"https:\/\/lelabo.ca\/fr\/author\/lelabo-adm\/"}]}},"_links":{"self":[{"href":"https:\/\/lelabo.ca\/fr\/wp-json\/wp\/v2\/posts\/136","targetHints":{"allow":["GET"]}}],"collection":[{"href":"https:\/\/lelabo.ca\/fr\/wp-json\/wp\/v2\/posts"}],"about":[{"href":"https:\/\/lelabo.ca\/fr\/wp-json\/wp\/v2\/types\/post"}],"author":[{"embeddable":true,"href":"https:\/\/lelabo.ca\/fr\/wp-json\/wp\/v2\/users\/1"}],"replies":[{"embeddable":true,"href":"https:\/\/lelabo.ca\/fr\/wp-json\/wp\/v2\/comments?post=136"}],"version-history":[{"count":1,"href":"https:\/\/lelabo.ca\/fr\/wp-json\/wp\/v2\/posts\/136\/revisions"}],"predecessor-version":[{"id":5979,"href":"https:\/\/lelabo.ca\/fr\/wp-json\/wp\/v2\/posts\/136\/revisions\/5979"}],"wp:attachment":[{"href":"https:\/\/lelabo.ca\/fr\/wp-json\/wp\/v2\/media?parent=136"}],"wp:term":[{"taxonomy":"category","embeddable":true,"href":"https:\/\/lelabo.ca\/fr\/wp-json\/wp\/v2\/categories?post=136"},{"taxonomy":"post_tag","embeddable":true,"href":"https:\/\/lelabo.ca\/fr\/wp-json\/wp\/v2\/tags?post=136"}],"curies":[{"name":"wp","href":"https:\/\/api.w.org\/{rel}","templated":true}]}}