{"id":14578,"date":"2023-06-06T20:08:39","date_gmt":"2023-06-06T20:08:39","guid":{"rendered":"http:\/\/lelabo.ca\/fr\/?p=14578"},"modified":"2023-06-06T20:08:41","modified_gmt":"2023-06-06T20:08:41","slug":"causerie-avec-miryam-charles-5-a-7-au-studio-du-labo","status":"publish","type":"post","link":"https:\/\/lelabo.ca\/fr\/causerie-avec-miryam-charles-5-a-7-au-studio-du-labo\/","title":{"rendered":"Causerie avec Miryam Charles | 5 \u00e0 7 au studio du Labo"},"content":{"rendered":"\n<p class=\"has-background has-very-light-gray-background-color\"><strong>Artiste<\/strong>: Miryam Charles<\/p>\n\n\n\n<p class=\"has-background has-very-light-gray-background-color\"><strong>Date<\/strong>: Jeudi 08 juin 2022 \u00e0 partir de 17h30<\/p>\n\n\n\n<p class=\"has-background has-very-light-gray-background-color\"><strong>Lieu<\/strong>: Le Labo (invitation sur Zoom pour les membres r\u00e9sidant hors Toronto)<\/p>\n\n\n\n<p class=\"has-text-color has-background has-very-dark-gray-color has-very-light-gray-background-color\"> <strong>Billetterie<\/strong>: inscrivez vous gratuitement sur <a href=\"https:\/\/www.eventbrite.ca\/e\/causerie-avec-miryam-charles-exposition-en-bas-mes-amours-tickets-652259534827?aff=oddtdtcreator\" target=\"_blank\" rel=\"noreferrer noopener\" aria-label=\" (s\u2019ouvre dans un nouvel onglet)\">Eventbrite<\/a>.  <\/p>\n\n\n\n<figure class=\"wp-block-gallery aligncenter columns-1 wp-block-gallery-1 is-layout-flex wp-block-gallery-is-layout-flex\"><ul class=\"blocks-gallery-grid\"><li class=\"blocks-gallery-item\"><figure><img loading=\"lazy\" decoding=\"async\" width=\"1024\" height=\"576\" src=\"https:\/\/lelabo.ca\/fr\/wp-content\/uploads\/sites\/2\/2023\/06\/GOOD-FORMAT_Facebook-event-1920-\u00d7-1080-px-1024x576.png\" alt=\"\" data-id=\"14579\" data-full-url=\"https:\/\/lelabo.ca\/fr\/wp-content\/uploads\/sites\/2\/2023\/06\/GOOD-FORMAT_Facebook-event-1920-\u00d7-1080-px.png\" data-link=\"https:\/\/lelabo.ca\/fr\/?attachment_id=14579\" class=\"wp-image-14579\" srcset=\"https:\/\/lelabo.ca\/fr\/wp-content\/uploads\/sites\/2\/2023\/06\/GOOD-FORMAT_Facebook-event-1920-\u00d7-1080-px-1024x576.png 1024w, https:\/\/lelabo.ca\/fr\/wp-content\/uploads\/sites\/2\/2023\/06\/GOOD-FORMAT_Facebook-event-1920-\u00d7-1080-px-300x169.png 300w, https:\/\/lelabo.ca\/fr\/wp-content\/uploads\/sites\/2\/2023\/06\/GOOD-FORMAT_Facebook-event-1920-\u00d7-1080-px-768x432.png 768w, https:\/\/lelabo.ca\/fr\/wp-content\/uploads\/sites\/2\/2023\/06\/GOOD-FORMAT_Facebook-event-1920-\u00d7-1080-px-1536x864.png 1536w, https:\/\/lelabo.ca\/fr\/wp-content\/uploads\/sites\/2\/2023\/06\/GOOD-FORMAT_Facebook-event-1920-\u00d7-1080-px.png 1920w\" sizes=\"auto, (max-width: 1024px) 100vw, 1024px\" \/><\/figure><\/li><\/ul><\/figure>\n\n\n\n<p>L&rsquo;exposition <strong><em>En bas mes amours \/ Just below my loves<\/em><\/strong> en partenariat avec Images Festival continue jusqu&rsquo;au 27 juin et nous en profitons pour vous mettre en relation avec l&rsquo;artiste Miryam Charles dont trois de ses oeuvres sont pr\u00e9sent\u00e9es en ce moment.<\/p>\n\n\n\n<p>Pour les Torontois, vous pourrez nous rejoindre directement au studio 277 d\u00e8s 17h30 et nous nous brancherons sur Zoom \u00e0 18h00 pour commencer la causerie. Ce sera l&rsquo;occasion de papoter autour de quelques mignardises et boissons.<\/p>\n\n\n\n<p>Pour ceux qui ne sont pas disponibles, nous pensons \u00e0 vous ! Branchez-vous sur Zoom \u00e0 18h00. Inscrivez-vous via <strong><a href=\"https:\/\/www.eventbrite.ca\/e\/causerie-avec-miryam-charles-exposition-en-bas-mes-amours-tickets-652259534827?aff=oddtdtcreator\" target=\"_blank\" rel=\"noreferrer noopener\" aria-label=\"Eventbrite (s\u2019ouvre dans un nouvel onglet)\">Eventbrite<\/a><\/strong> pour recevoir le lien Zoom.<\/p>\n\n\n\n<p>Quelques questions auxquelles nous pensons d\u00e9j\u00e0&#8230;<\/p>\n\n\n\n<ol class=\"wp-block-list\"><li>On ne peut passer \u00e0 c\u00f4t\u00e9 de l\u2019aspect sonore de tes \u0153uvres qui ont d\u2019ailleurs \u00e9t\u00e9 mis en avant par la commissaire Jaclyn Quaresma. Je sais que ton int\u00e9r\u00eat pour le son te vient des r\u00e9cits de ton p\u00e8re, peux-tu plus nous parler de ton besoin de transmission par le r\u00e9cit oral?<br><\/li><li>As-tu d\u00e9j\u00e0 pens\u00e9 \u00e0 faire des fictions seulement sonores ou pour toi l\u2019image reste importante dans ton processus cr\u00e9atif?<\/li><\/ol>\n\n\n\n<hr class=\"wp-block-separator\"\/>\n\n\n\n<p><strong>Miryam Charles<\/strong><\/p>\n\n\n\n<p>Miryam Charles est une <a href=\"https:\/\/fr.wikipedia.org\/wiki\/R%C3%A9alisatrice\">r\u00e9alisatrice<\/a>, <a href=\"https:\/\/fr.wikipedia.org\/wiki\/Producteur_de_cin%C3%A9ma\">productrice<\/a> et <a href=\"https:\/\/fr.wikipedia.org\/wiki\/Directrice_de_la_photographie\">directrice de la photographie<\/a> <a href=\"https:\/\/fr.wikipedia.org\/wiki\/Canada\">canadienne<\/a> d&rsquo;origine <a href=\"https:\/\/fr.wikipedia.org\/wiki\/Ha%C3%AFti\">ha\u00eftienne<\/a> bas\u00e9e \u00e0 Montr\u00e9al. Elle a \u00e9tudi\u00e9 le cin\u00e9ma \u00e0 l&rsquo;Universit\u00e9 Concordia et a travaill\u00e9 comme r\u00e9alisatrice, productrice, sc\u00e9nariste et directrice de la photographie. Ses courts-m\u00e9trages exp\u00e9rimentaux comprennent Fly, Fly Sadness (2015), Towards the Colonies (2016), A Fortress (2018) et Three Atlas (2018). Ses \u0153uvres ont \u00e9t\u00e9 projet\u00e9es dans divers festivals de cin\u00e9ma \u00e0 travers le monde. Son court-m\u00e9trage, Second Generation (2019), a \u00e9t\u00e9 pr\u00e9sent\u00e9 au TIFF. Elle a obtenu derni\u00e8rement du financement pour un long documentaire dans le cadre de Talents en Vue (T\u00e9l\u00e9film Canada).<\/p>\n\n\n\n<hr class=\"wp-block-separator\"\/>\n\n\n\n<p> Nous remercions chaleureusement notre partenaire Festival Images pour cette belle occasion de pr\u00e9sentation.<\/p>\n\n\n\n<p>Nous remercions \u00e9galement nos bailleurs de fonds: Conseil des Arts de l\u2019Ontario, Patrimoine Canada et Toronto Art Council ainsi que notre partenaire Charles Street Video<\/p>\n","protected":false},"excerpt":{"rendered":"<p>Le travail de Miryam Charles expliqu\u00e9e par l&rsquo;artiste elle-m\u00eame ? C&rsquo;est ce jeudi au Labo et\/oou sur Zoom. Retrouvons-nous autour d&rsquo;un verre de mani\u00e8re hybride. Rdv pour la causerie ce jeudi 08 mai d\u00e8s 17h30<\/p>\n","protected":false},"author":2,"featured_media":14580,"comment_status":"closed","ping_status":"closed","sticky":false,"template":"","format":"standard","meta":{"footnotes":""},"categories":[74],"tags":[],"class_list":["post-14578","post","type-post","status-publish","format-standard","has-post-thumbnail","hentry","category-a-venir"],"yoast_head":"<!-- This site is optimized with the Yoast SEO plugin v24.9 - https:\/\/yoast.com\/wordpress\/plugins\/seo\/ -->\n<title>Causerie avec Miryam Charles | 5 \u00e0 7 au studio du Labo - Le Labo FR<\/title>\n<meta name=\"robots\" content=\"index, follow, max-snippet:-1, max-image-preview:large, max-video-preview:-1\" \/>\n<link rel=\"canonical\" href=\"https:\/\/lelabo.ca\/fr\/causerie-avec-miryam-charles-5-a-7-au-studio-du-labo\/\" \/>\n<meta property=\"og:locale\" content=\"fr_FR\" \/>\n<meta property=\"og:type\" content=\"article\" \/>\n<meta property=\"og:title\" content=\"Causerie avec Miryam Charles | 5 \u00e0 7 au studio du Labo - Le Labo FR\" \/>\n<meta property=\"og:description\" content=\"Le travail de Miryam Charles expliqu\u00e9e par l&#039;artiste elle-m\u00eame ? C&#039;est ce jeudi au Labo et\/oou sur Zoom. Retrouvons-nous autour d&#039;un verre de mani\u00e8re hybride. Rdv pour la causerie ce jeudi 08 mai d\u00e8s 17h30\" \/>\n<meta property=\"og:url\" content=\"https:\/\/lelabo.ca\/fr\/causerie-avec-miryam-charles-5-a-7-au-studio-du-labo\/\" \/>\n<meta property=\"og:site_name\" content=\"Le Labo FR\" \/>\n<meta property=\"article:published_time\" content=\"2023-06-06T20:08:39+00:00\" \/>\n<meta property=\"article:modified_time\" content=\"2023-06-06T20:08:41+00:00\" \/>\n<meta property=\"og:image\" content=\"https:\/\/lelabo.ca\/fr\/wp-content\/uploads\/sites\/2\/2023\/06\/Copie-de-Copie-de-Copie-de-TP_ZOOM-SUR-FORMAT-CARRE-4.png\" \/>\n\t<meta property=\"og:image:width\" content=\"1080\" \/>\n\t<meta property=\"og:image:height\" content=\"1080\" \/>\n\t<meta property=\"og:image:type\" content=\"image\/png\" \/>\n<meta name=\"author\" content=\"Le Labo\" \/>\n<meta name=\"twitter:card\" content=\"summary_large_image\" \/>\n<meta name=\"twitter:label1\" content=\"\u00c9crit par\" \/>\n\t<meta name=\"twitter:data1\" content=\"Le Labo\" \/>\n\t<meta name=\"twitter:label2\" content=\"Dur\u00e9e de lecture estim\u00e9e\" \/>\n\t<meta name=\"twitter:data2\" content=\"2 minutes\" \/>\n<script type=\"application\/ld+json\" class=\"yoast-schema-graph\">{\"@context\":\"https:\/\/schema.org\",\"@graph\":[{\"@type\":\"WebPage\",\"@id\":\"https:\/\/lelabo.ca\/fr\/causerie-avec-miryam-charles-5-a-7-au-studio-du-labo\/\",\"url\":\"https:\/\/lelabo.ca\/fr\/causerie-avec-miryam-charles-5-a-7-au-studio-du-labo\/\",\"name\":\"Causerie avec Miryam Charles | 5 \u00e0 7 au studio du Labo - Le Labo FR\",\"isPartOf\":{\"@id\":\"https:\/\/lelabo.ca\/fr\/#website\"},\"primaryImageOfPage\":{\"@id\":\"https:\/\/lelabo.ca\/fr\/causerie-avec-miryam-charles-5-a-7-au-studio-du-labo\/#primaryimage\"},\"image\":{\"@id\":\"https:\/\/lelabo.ca\/fr\/causerie-avec-miryam-charles-5-a-7-au-studio-du-labo\/#primaryimage\"},\"thumbnailUrl\":\"https:\/\/lelabo.ca\/fr\/wp-content\/uploads\/sites\/2\/2023\/06\/Copie-de-Copie-de-Copie-de-TP_ZOOM-SUR-FORMAT-CARRE-4.png\",\"datePublished\":\"2023-06-06T20:08:39+00:00\",\"dateModified\":\"2023-06-06T20:08:41+00:00\",\"author\":{\"@id\":\"https:\/\/lelabo.ca\/fr\/#\/schema\/person\/7edfb4726367f54e3791ef5de3dc4ee9\"},\"breadcrumb\":{\"@id\":\"https:\/\/lelabo.ca\/fr\/causerie-avec-miryam-charles-5-a-7-au-studio-du-labo\/#breadcrumb\"},\"inLanguage\":\"fr-FR\",\"potentialAction\":[{\"@type\":\"ReadAction\",\"target\":[\"https:\/\/lelabo.ca\/fr\/causerie-avec-miryam-charles-5-a-7-au-studio-du-labo\/\"]}]},{\"@type\":\"ImageObject\",\"inLanguage\":\"fr-FR\",\"@id\":\"https:\/\/lelabo.ca\/fr\/causerie-avec-miryam-charles-5-a-7-au-studio-du-labo\/#primaryimage\",\"url\":\"https:\/\/lelabo.ca\/fr\/wp-content\/uploads\/sites\/2\/2023\/06\/Copie-de-Copie-de-Copie-de-TP_ZOOM-SUR-FORMAT-CARRE-4.png\",\"contentUrl\":\"https:\/\/lelabo.ca\/fr\/wp-content\/uploads\/sites\/2\/2023\/06\/Copie-de-Copie-de-Copie-de-TP_ZOOM-SUR-FORMAT-CARRE-4.png\",\"width\":1080,\"height\":1080},{\"@type\":\"BreadcrumbList\",\"@id\":\"https:\/\/lelabo.ca\/fr\/causerie-avec-miryam-charles-5-a-7-au-studio-du-labo\/#breadcrumb\",\"itemListElement\":[{\"@type\":\"ListItem\",\"position\":1,\"name\":\"Accueil\",\"item\":\"https:\/\/lelabo.ca\/fr\/\"},{\"@type\":\"ListItem\",\"position\":2,\"name\":\"Causerie avec Miryam Charles | 5 \u00e0 7 au studio du Labo\"}]},{\"@type\":\"WebSite\",\"@id\":\"https:\/\/lelabo.ca\/fr\/#website\",\"url\":\"https:\/\/lelabo.ca\/fr\/\",\"name\":\"Le Labo FR\",\"description\":\"\",\"potentialAction\":[{\"@type\":\"SearchAction\",\"target\":{\"@type\":\"EntryPoint\",\"urlTemplate\":\"https:\/\/lelabo.ca\/fr\/?s={search_term_string}\"},\"query-input\":{\"@type\":\"PropertyValueSpecification\",\"valueRequired\":true,\"valueName\":\"search_term_string\"}}],\"inLanguage\":\"fr-FR\"},{\"@type\":\"Person\",\"@id\":\"https:\/\/lelabo.ca\/fr\/#\/schema\/person\/7edfb4726367f54e3791ef5de3dc4ee9\",\"name\":\"Le Labo\",\"url\":\"https:\/\/lelabo.ca\/fr\/author\/carolina\/\"}]}<\/script>\n<!-- \/ Yoast SEO plugin. -->","yoast_head_json":{"title":"Causerie avec Miryam Charles | 5 \u00e0 7 au studio du Labo - Le Labo FR","robots":{"index":"index","follow":"follow","max-snippet":"max-snippet:-1","max-image-preview":"max-image-preview:large","max-video-preview":"max-video-preview:-1"},"canonical":"https:\/\/lelabo.ca\/fr\/causerie-avec-miryam-charles-5-a-7-au-studio-du-labo\/","og_locale":"fr_FR","og_type":"article","og_title":"Causerie avec Miryam Charles | 5 \u00e0 7 au studio du Labo - Le Labo FR","og_description":"Le travail de Miryam Charles expliqu\u00e9e par l'artiste elle-m\u00eame ? C'est ce jeudi au Labo et\/oou sur Zoom. Retrouvons-nous autour d'un verre de mani\u00e8re hybride. Rdv pour la causerie ce jeudi 08 mai d\u00e8s 17h30","og_url":"https:\/\/lelabo.ca\/fr\/causerie-avec-miryam-charles-5-a-7-au-studio-du-labo\/","og_site_name":"Le Labo FR","article_published_time":"2023-06-06T20:08:39+00:00","article_modified_time":"2023-06-06T20:08:41+00:00","og_image":[{"width":1080,"height":1080,"url":"https:\/\/lelabo.ca\/fr\/wp-content\/uploads\/sites\/2\/2023\/06\/Copie-de-Copie-de-Copie-de-TP_ZOOM-SUR-FORMAT-CARRE-4.png","type":"image\/png"}],"author":"Le Labo","twitter_card":"summary_large_image","twitter_misc":{"\u00c9crit par":"Le Labo","Dur\u00e9e de lecture estim\u00e9e":"2 minutes"},"schema":{"@context":"https:\/\/schema.org","@graph":[{"@type":"WebPage","@id":"https:\/\/lelabo.ca\/fr\/causerie-avec-miryam-charles-5-a-7-au-studio-du-labo\/","url":"https:\/\/lelabo.ca\/fr\/causerie-avec-miryam-charles-5-a-7-au-studio-du-labo\/","name":"Causerie avec Miryam Charles | 5 \u00e0 7 au studio du Labo - Le Labo FR","isPartOf":{"@id":"https:\/\/lelabo.ca\/fr\/#website"},"primaryImageOfPage":{"@id":"https:\/\/lelabo.ca\/fr\/causerie-avec-miryam-charles-5-a-7-au-studio-du-labo\/#primaryimage"},"image":{"@id":"https:\/\/lelabo.ca\/fr\/causerie-avec-miryam-charles-5-a-7-au-studio-du-labo\/#primaryimage"},"thumbnailUrl":"https:\/\/lelabo.ca\/fr\/wp-content\/uploads\/sites\/2\/2023\/06\/Copie-de-Copie-de-Copie-de-TP_ZOOM-SUR-FORMAT-CARRE-4.png","datePublished":"2023-06-06T20:08:39+00:00","dateModified":"2023-06-06T20:08:41+00:00","author":{"@id":"https:\/\/lelabo.ca\/fr\/#\/schema\/person\/7edfb4726367f54e3791ef5de3dc4ee9"},"breadcrumb":{"@id":"https:\/\/lelabo.ca\/fr\/causerie-avec-miryam-charles-5-a-7-au-studio-du-labo\/#breadcrumb"},"inLanguage":"fr-FR","potentialAction":[{"@type":"ReadAction","target":["https:\/\/lelabo.ca\/fr\/causerie-avec-miryam-charles-5-a-7-au-studio-du-labo\/"]}]},{"@type":"ImageObject","inLanguage":"fr-FR","@id":"https:\/\/lelabo.ca\/fr\/causerie-avec-miryam-charles-5-a-7-au-studio-du-labo\/#primaryimage","url":"https:\/\/lelabo.ca\/fr\/wp-content\/uploads\/sites\/2\/2023\/06\/Copie-de-Copie-de-Copie-de-TP_ZOOM-SUR-FORMAT-CARRE-4.png","contentUrl":"https:\/\/lelabo.ca\/fr\/wp-content\/uploads\/sites\/2\/2023\/06\/Copie-de-Copie-de-Copie-de-TP_ZOOM-SUR-FORMAT-CARRE-4.png","width":1080,"height":1080},{"@type":"BreadcrumbList","@id":"https:\/\/lelabo.ca\/fr\/causerie-avec-miryam-charles-5-a-7-au-studio-du-labo\/#breadcrumb","itemListElement":[{"@type":"ListItem","position":1,"name":"Accueil","item":"https:\/\/lelabo.ca\/fr\/"},{"@type":"ListItem","position":2,"name":"Causerie avec Miryam Charles | 5 \u00e0 7 au studio du Labo"}]},{"@type":"WebSite","@id":"https:\/\/lelabo.ca\/fr\/#website","url":"https:\/\/lelabo.ca\/fr\/","name":"Le Labo FR","description":"","potentialAction":[{"@type":"SearchAction","target":{"@type":"EntryPoint","urlTemplate":"https:\/\/lelabo.ca\/fr\/?s={search_term_string}"},"query-input":{"@type":"PropertyValueSpecification","valueRequired":true,"valueName":"search_term_string"}}],"inLanguage":"fr-FR"},{"@type":"Person","@id":"https:\/\/lelabo.ca\/fr\/#\/schema\/person\/7edfb4726367f54e3791ef5de3dc4ee9","name":"Le Labo","url":"https:\/\/lelabo.ca\/fr\/author\/carolina\/"}]}},"_links":{"self":[{"href":"https:\/\/lelabo.ca\/fr\/wp-json\/wp\/v2\/posts\/14578","targetHints":{"allow":["GET"]}}],"collection":[{"href":"https:\/\/lelabo.ca\/fr\/wp-json\/wp\/v2\/posts"}],"about":[{"href":"https:\/\/lelabo.ca\/fr\/wp-json\/wp\/v2\/types\/post"}],"author":[{"embeddable":true,"href":"https:\/\/lelabo.ca\/fr\/wp-json\/wp\/v2\/users\/2"}],"replies":[{"embeddable":true,"href":"https:\/\/lelabo.ca\/fr\/wp-json\/wp\/v2\/comments?post=14578"}],"version-history":[{"count":2,"href":"https:\/\/lelabo.ca\/fr\/wp-json\/wp\/v2\/posts\/14578\/revisions"}],"predecessor-version":[{"id":15403,"href":"https:\/\/lelabo.ca\/fr\/wp-json\/wp\/v2\/posts\/14578\/revisions\/15403"}],"wp:featuredmedia":[{"embeddable":true,"href":"https:\/\/lelabo.ca\/fr\/wp-json\/wp\/v2\/media\/14580"}],"wp:attachment":[{"href":"https:\/\/lelabo.ca\/fr\/wp-json\/wp\/v2\/media?parent=14578"}],"wp:term":[{"taxonomy":"category","embeddable":true,"href":"https:\/\/lelabo.ca\/fr\/wp-json\/wp\/v2\/categories?post=14578"},{"taxonomy":"post_tag","embeddable":true,"href":"https:\/\/lelabo.ca\/fr\/wp-json\/wp\/v2\/tags?post=14578"}],"curies":[{"name":"wp","href":"https:\/\/api.w.org\/{rel}","templated":true}]}}