{"id":15105,"date":"2024-01-03T21:38:09","date_gmt":"2024-01-03T21:38:09","guid":{"rendered":"http:\/\/lelabo.ca\/fr\/?p=15105"},"modified":"2025-11-12T17:47:56","modified_gmt":"2025-11-12T17:47:56","slug":"le-cercle","status":"publish","type":"post","link":"https:\/\/lelabo.ca\/fr\/le-cercle\/","title":{"rendered":"Le Cercle"},"content":{"rendered":"\n<p>Au Labo, nous pensons que l\u2019art ne doit pas forc\u00e9ment \u00eatre synonyme de r\u00e9sultat. Le processus artistique est int\u00e9rieur, la cr\u00e9ation est d\u2019abord et surtout, une introspection. L\u2019art est le reflet de notre humanit\u00e9, et capture nos \u00e9motions, nos espoirs et nos r\u00eaves. Dans un monde consum\u00e9riste, o\u00f9 l\u2019offre et la demande r\u00e9gissent nos modes de fonctionnement, il est difficile pour un artiste de prendre le temps de nourrir sa r\u00e9flexion.&nbsp; <br><br>C\u2019est \u00e0 cette \u00e9tape de cr\u00e9ation que nous avons d\u00e9cid\u00e9 d\u2019intervenir pour aider nos membres \u00e0 distiller des id\u00e9es nouvelles, explorer des techniques ou d\u00e9velopper leurs projets. Le programme du Cercle, \u00e0 mi-chemin entre la r\u00e9sidence et le mentorat, incarne cet esprit novateur pour offrir aux artistes s\u00e9lectionn\u00e9s un espace et du temps de cr\u00e9ation. <\/p>\n\n\n\n<div style=\"height:20px\" aria-hidden=\"true\" class=\"wp-block-spacer\"><\/div>\n\n\n\n<p>\u00c0 mi-chemin entre r\u00e9sidence et mentorat intensif d&rsquo;une semaine, voici les conditions que nous proposons \u00e0 l&rsquo;artiste-membre selectionn\u00e9.e*:<\/p>\n\n\n\n<ul class=\"wp-block-list\">\n<li>Acc\u00e8s au studio pendant 10 jours (surface de 30m2)<\/li>\n\n\n\n<li>Acc\u00e8s \u00e0 la station de cr\u00e9ation pendant 7 jours (avec de nombreux logiciels)<\/li>\n\n\n\n<li>Un&nbsp;d\u00e9fraiement de $150<\/li>\n\n\n\n<li>Accompagnement personnalis\u00e9:  invitation d&rsquo;un artiste formateur \/ technicien \/ commissaire de votre choix (visite r\u00e9mun\u00e9r\u00e9e par Le Labo) <\/li>\n\n\n\n<li>Prise en charge en partie de la location de l&rsquo; <strong><a href=\"https:\/\/lelabo.ca\/fr\/services\/equipement\/\" target=\"_blank\" rel=\"noreferrer noopener\">\u00e9quipement<\/a><\/strong><\/li>\n<\/ul>\n\n\n\n<div style=\"height:20px\" aria-hidden=\"true\" class=\"wp-block-spacer\"><\/div>\n\n\n\n<p>* sur invitation de l&rsquo;\u00e9quipe du Labo uniquement<\/p>\n\n\n\n<div style=\"height:20px\" aria-hidden=\"true\" class=\"wp-block-spacer\"><\/div>\n\n\n\n<p><strong>CES ARTISTES SONT PASS\u00c9-E-S AU LABO !<\/strong><br><\/p>\n\n\n\n<p>Karen Vanderborght avec le regard de la danseuse Jade Rocan | septembre 2025<br>Julie Lassonde avec le regard de l&rsquo;artiste et commissaire Paul Couillard | f\u00e9vrier &#8211; mars 2025<br>No\u00e9mie Roy avec le regard de l&rsquo;artiste textile et couturier Jonathan Girard | novembre 2024<br>Mathieu Taillardas avec le regard de l&rsquo;artiste Martine C\u00f4t\u00e9 | juillet 2024<br>Salima Kouaci avec le regard de l&rsquo;artiste Pascaline Lebras | f\u00e9vrier &#8211; mars 2024<br>Jacques Descoteaux avec le regard de l&rsquo;artiste Zoraida Anaya | janvier 2024<br>Sa\u00efda Ouchaou-Ozarowski avec le regard de l&rsquo;artiste Mouaad El Yaakabi | octobre 2023 &#8211; \u00e0 venir<br>Isabelle Michaud avec le regard de l&rsquo;artiste Karen Vanderborght | mars 2023<br>Antoine Quiet avec le regard de la commissaire Ga\u00eblle Morel | janvier 2023<br>Samuel Choisy avec le regard de la commissaire Julie Ren\u00e9e de C\u00f4teret | octobre 2022<br><\/p>\n\n\n\n<hr class=\"wp-block-separator has-css-opacity\"\/>\n\n\n\n<div style=\"height:20px\" aria-hidden=\"true\" class=\"wp-block-spacer\"><\/div>\n\n\n\n<div style=\"height:24px\" aria-hidden=\"true\" class=\"wp-block-spacer\"><\/div>\n","protected":false},"excerpt":{"rendered":"<p>Au Labo, nous pensons que l\u2019art ne doit pas forc\u00e9ment \u00eatre synonyme de r\u00e9sultat. Le processus artistique est int\u00e9rieur, la cr\u00e9ation est d\u2019abord et surtout, une introspection. L\u2019art est le reflet de notre humanit\u00e9, et capture nos \u00e9motions, nos espoirs<\/p>\n","protected":false},"author":2,"featured_media":0,"comment_status":"closed","ping_status":"closed","sticky":false,"template":"","format":"standard","meta":{"footnotes":""},"categories":[1],"tags":[],"class_list":["post-15105","post","type-post","status-publish","format-standard","hentry","category-uncategorized"],"yoast_head":"<!-- This site is optimized with the Yoast SEO plugin v24.9 - https:\/\/yoast.com\/wordpress\/plugins\/seo\/ -->\n<title>Le Cercle - Le Labo FR<\/title>\n<meta name=\"robots\" content=\"index, follow, max-snippet:-1, max-image-preview:large, max-video-preview:-1\" \/>\n<link rel=\"canonical\" href=\"https:\/\/lelabo.ca\/fr\/le-cercle\/\" \/>\n<meta property=\"og:locale\" content=\"fr_FR\" \/>\n<meta property=\"og:type\" content=\"article\" \/>\n<meta property=\"og:title\" content=\"Le Cercle - Le Labo FR\" \/>\n<meta property=\"og:description\" content=\"Au Labo, nous pensons que l\u2019art ne doit pas forc\u00e9ment \u00eatre synonyme de r\u00e9sultat. Le processus artistique est int\u00e9rieur, la cr\u00e9ation est d\u2019abord et surtout, une introspection. L\u2019art est le reflet de notre humanit\u00e9, et capture nos \u00e9motions, nos espoirs\" \/>\n<meta property=\"og:url\" content=\"https:\/\/lelabo.ca\/fr\/le-cercle\/\" \/>\n<meta property=\"og:site_name\" content=\"Le Labo FR\" \/>\n<meta property=\"article:published_time\" content=\"2024-01-03T21:38:09+00:00\" \/>\n<meta property=\"article:modified_time\" content=\"2025-11-12T17:47:56+00:00\" \/>\n<meta name=\"author\" content=\"Le Labo\" \/>\n<meta name=\"twitter:card\" content=\"summary_large_image\" \/>\n<meta name=\"twitter:label1\" content=\"\u00c9crit par\" \/>\n\t<meta name=\"twitter:data1\" content=\"Le Labo\" \/>\n\t<meta name=\"twitter:label2\" content=\"Dur\u00e9e de lecture estim\u00e9e\" \/>\n\t<meta name=\"twitter:data2\" content=\"2 minutes\" \/>\n<script type=\"application\/ld+json\" class=\"yoast-schema-graph\">{\"@context\":\"https:\/\/schema.org\",\"@graph\":[{\"@type\":\"WebPage\",\"@id\":\"https:\/\/lelabo.ca\/fr\/le-cercle\/\",\"url\":\"https:\/\/lelabo.ca\/fr\/le-cercle\/\",\"name\":\"Le Cercle - Le Labo FR\",\"isPartOf\":{\"@id\":\"https:\/\/lelabo.ca\/fr\/#website\"},\"datePublished\":\"2024-01-03T21:38:09+00:00\",\"dateModified\":\"2025-11-12T17:47:56+00:00\",\"author\":{\"@id\":\"https:\/\/lelabo.ca\/fr\/#\/schema\/person\/7edfb4726367f54e3791ef5de3dc4ee9\"},\"breadcrumb\":{\"@id\":\"https:\/\/lelabo.ca\/fr\/le-cercle\/#breadcrumb\"},\"inLanguage\":\"fr-FR\",\"potentialAction\":[{\"@type\":\"ReadAction\",\"target\":[\"https:\/\/lelabo.ca\/fr\/le-cercle\/\"]}]},{\"@type\":\"BreadcrumbList\",\"@id\":\"https:\/\/lelabo.ca\/fr\/le-cercle\/#breadcrumb\",\"itemListElement\":[{\"@type\":\"ListItem\",\"position\":1,\"name\":\"Accueil\",\"item\":\"https:\/\/lelabo.ca\/fr\/\"},{\"@type\":\"ListItem\",\"position\":2,\"name\":\"Le Cercle\"}]},{\"@type\":\"WebSite\",\"@id\":\"https:\/\/lelabo.ca\/fr\/#website\",\"url\":\"https:\/\/lelabo.ca\/fr\/\",\"name\":\"Le Labo FR\",\"description\":\"\",\"potentialAction\":[{\"@type\":\"SearchAction\",\"target\":{\"@type\":\"EntryPoint\",\"urlTemplate\":\"https:\/\/lelabo.ca\/fr\/?s={search_term_string}\"},\"query-input\":{\"@type\":\"PropertyValueSpecification\",\"valueRequired\":true,\"valueName\":\"search_term_string\"}}],\"inLanguage\":\"fr-FR\"},{\"@type\":\"Person\",\"@id\":\"https:\/\/lelabo.ca\/fr\/#\/schema\/person\/7edfb4726367f54e3791ef5de3dc4ee9\",\"name\":\"Le Labo\",\"url\":\"https:\/\/lelabo.ca\/fr\/author\/carolina\/\"}]}<\/script>\n<!-- \/ Yoast SEO plugin. -->","yoast_head_json":{"title":"Le Cercle - Le Labo FR","robots":{"index":"index","follow":"follow","max-snippet":"max-snippet:-1","max-image-preview":"max-image-preview:large","max-video-preview":"max-video-preview:-1"},"canonical":"https:\/\/lelabo.ca\/fr\/le-cercle\/","og_locale":"fr_FR","og_type":"article","og_title":"Le Cercle - Le Labo FR","og_description":"Au Labo, nous pensons que l\u2019art ne doit pas forc\u00e9ment \u00eatre synonyme de r\u00e9sultat. Le processus artistique est int\u00e9rieur, la cr\u00e9ation est d\u2019abord et surtout, une introspection. L\u2019art est le reflet de notre humanit\u00e9, et capture nos \u00e9motions, nos espoirs","og_url":"https:\/\/lelabo.ca\/fr\/le-cercle\/","og_site_name":"Le Labo FR","article_published_time":"2024-01-03T21:38:09+00:00","article_modified_time":"2025-11-12T17:47:56+00:00","author":"Le Labo","twitter_card":"summary_large_image","twitter_misc":{"\u00c9crit par":"Le Labo","Dur\u00e9e de lecture estim\u00e9e":"2 minutes"},"schema":{"@context":"https:\/\/schema.org","@graph":[{"@type":"WebPage","@id":"https:\/\/lelabo.ca\/fr\/le-cercle\/","url":"https:\/\/lelabo.ca\/fr\/le-cercle\/","name":"Le Cercle - Le Labo FR","isPartOf":{"@id":"https:\/\/lelabo.ca\/fr\/#website"},"datePublished":"2024-01-03T21:38:09+00:00","dateModified":"2025-11-12T17:47:56+00:00","author":{"@id":"https:\/\/lelabo.ca\/fr\/#\/schema\/person\/7edfb4726367f54e3791ef5de3dc4ee9"},"breadcrumb":{"@id":"https:\/\/lelabo.ca\/fr\/le-cercle\/#breadcrumb"},"inLanguage":"fr-FR","potentialAction":[{"@type":"ReadAction","target":["https:\/\/lelabo.ca\/fr\/le-cercle\/"]}]},{"@type":"BreadcrumbList","@id":"https:\/\/lelabo.ca\/fr\/le-cercle\/#breadcrumb","itemListElement":[{"@type":"ListItem","position":1,"name":"Accueil","item":"https:\/\/lelabo.ca\/fr\/"},{"@type":"ListItem","position":2,"name":"Le Cercle"}]},{"@type":"WebSite","@id":"https:\/\/lelabo.ca\/fr\/#website","url":"https:\/\/lelabo.ca\/fr\/","name":"Le Labo FR","description":"","potentialAction":[{"@type":"SearchAction","target":{"@type":"EntryPoint","urlTemplate":"https:\/\/lelabo.ca\/fr\/?s={search_term_string}"},"query-input":{"@type":"PropertyValueSpecification","valueRequired":true,"valueName":"search_term_string"}}],"inLanguage":"fr-FR"},{"@type":"Person","@id":"https:\/\/lelabo.ca\/fr\/#\/schema\/person\/7edfb4726367f54e3791ef5de3dc4ee9","name":"Le Labo","url":"https:\/\/lelabo.ca\/fr\/author\/carolina\/"}]}},"_links":{"self":[{"href":"https:\/\/lelabo.ca\/fr\/wp-json\/wp\/v2\/posts\/15105","targetHints":{"allow":["GET"]}}],"collection":[{"href":"https:\/\/lelabo.ca\/fr\/wp-json\/wp\/v2\/posts"}],"about":[{"href":"https:\/\/lelabo.ca\/fr\/wp-json\/wp\/v2\/types\/post"}],"author":[{"embeddable":true,"href":"https:\/\/lelabo.ca\/fr\/wp-json\/wp\/v2\/users\/2"}],"replies":[{"embeddable":true,"href":"https:\/\/lelabo.ca\/fr\/wp-json\/wp\/v2\/comments?post=15105"}],"version-history":[{"count":9,"href":"https:\/\/lelabo.ca\/fr\/wp-json\/wp\/v2\/posts\/15105\/revisions"}],"predecessor-version":[{"id":16861,"href":"https:\/\/lelabo.ca\/fr\/wp-json\/wp\/v2\/posts\/15105\/revisions\/16861"}],"wp:attachment":[{"href":"https:\/\/lelabo.ca\/fr\/wp-json\/wp\/v2\/media?parent=15105"}],"wp:term":[{"taxonomy":"category","embeddable":true,"href":"https:\/\/lelabo.ca\/fr\/wp-json\/wp\/v2\/categories?post=15105"},{"taxonomy":"post_tag","embeddable":true,"href":"https:\/\/lelabo.ca\/fr\/wp-json\/wp\/v2\/tags?post=15105"}],"curies":[{"name":"wp","href":"https:\/\/api.w.org\/{rel}","templated":true}]}}