{"id":16030,"date":"2024-10-22T15:40:46","date_gmt":"2024-10-22T15:40:46","guid":{"rendered":"http:\/\/lelabo.ca\/fr\/?p=16030"},"modified":"2025-04-01T14:51:50","modified_gmt":"2025-04-01T14:51:50","slug":"en-vitrine-saison-2-resistances-silencieuses","status":"publish","type":"post","link":"https:\/\/lelabo.ca\/fr\/en-vitrine-saison-2-resistances-silencieuses\/","title":{"rendered":"En vitrine saison 2 | R\u00e9sistances silencieuses"},"content":{"rendered":"\n<p class=\"has-background has-very-light-gray-background-color\"><strong>Un espace d&rsquo;exposition alternatif, en collaboration avec l&rsquo;Universit\u00e9 de l&rsquo;Ontario fran\u00e7ais<\/strong><\/p>\n\n\n\n<p class=\"has-background has-very-light-gray-background-color\">Lieu d&rsquo;exposition: UOF, 9 Lower Jarvis Street, Toronto<\/p>\n\n\n\n<p class=\"has-background has-very-light-gray-background-color\">Partenaire: Carrefour des savoirs et de l&rsquo;innovation<\/p>\n\n\n\n<p class=\"has-background has-very-light-gray-background-color\">Financ\u00e9 et soutenu par le Gouvernement de l&rsquo;Ontario (Programme d&rsquo;appui \u00e0 la Francophonie ontarienne) et le Conseil des Arts du Canada<\/p>\n\n\n\n<hr class=\"wp-block-separator\"\/>\n\n\n\n<figure class=\"wp-block-image size-large\"><img loading=\"lazy\" decoding=\"async\" width=\"1024\" height=\"314\" src=\"https:\/\/lelabo.ca\/fr\/wp-content\/uploads\/sites\/2\/2024\/10\/SITE-WEB_Illustrations_1200-x-368-1200-x-468-px12-1024x314.png\" alt=\"\" class=\"wp-image-16076\" srcset=\"https:\/\/lelabo.ca\/fr\/wp-content\/uploads\/sites\/2\/2024\/10\/SITE-WEB_Illustrations_1200-x-368-1200-x-468-px12-1024x314.png 1024w, https:\/\/lelabo.ca\/fr\/wp-content\/uploads\/sites\/2\/2024\/10\/SITE-WEB_Illustrations_1200-x-368-1200-x-468-px12-300x92.png 300w, https:\/\/lelabo.ca\/fr\/wp-content\/uploads\/sites\/2\/2024\/10\/SITE-WEB_Illustrations_1200-x-368-1200-x-468-px12-768x236.png 768w, https:\/\/lelabo.ca\/fr\/wp-content\/uploads\/sites\/2\/2024\/10\/SITE-WEB_Illustrations_1200-x-368-1200-x-468-px12.png 1200w\" sizes=\"auto, (max-width: 1024px) 100vw, 1024px\" \/><\/figure>\n\n\n\n<hr class=\"wp-block-separator\"\/>\n\n\n\n<p>De novembre 2024 \u00e0 mars 2025, d\u00e9couvrez les \u0153uvres de <strong>Tania Love et No\u00e9mie Roy<\/strong> pr\u00e9sent\u00e9es cons\u00e9cutivement dans l\u2019enceinte de l\u2019<a href=\"https:\/\/uontario.ca\/\"><strong>Universit\u00e9 de l&rsquo;Ontario fran\u00e7ais<\/strong><\/a>, un projet commissari\u00e9 par Mathilde Rousseau. C\u2019est dans le but de faire rayonner les pratiques d\u2019artistes membres du Labo et de favoriser le partage d\u2019expertises entre le milieu des arts et la communaut\u00e9 universitaire francophone que le projet <em>En vitrine<\/em> fut cr\u00e9\u00e9. Les \u0153uvres incitant \u00e0 la r\u00e9flexion et \u00e0 la participation seront accompagn\u00e9es de projets de m\u00e9diation d\u00e9velopp\u00e9s par deux stagiaires du baccalaur\u00e9at sp\u00e9cialis\u00e9 en \u00e9tudes des cultures num\u00e9riques de l\u2019UOf, St\u00e9phanie Salgo et Steve Kawe. Ces contributions permettront aux \u00e9tudiant\u00b7e\u00b7s de mettre en pratique leurs apprentissages dans un contexte exp\u00e9rientiel en faisant appel \u00e0 diff\u00e9rentes technologies pour favoriser une m\u00e9diation culturelle.<\/p>\n\n\n\n<div class=\"wp-block-group\"><div class=\"wp-block-group__inner-container is-layout-flow wp-block-group-is-layout-flow\">\n<div style=\"height:20px\" aria-hidden=\"true\" class=\"wp-block-spacer\"><\/div>\n\n\n\n<p class=\"has-background has-very-light-gray-background-color\">TANIA LOVE: <em>Morphogenesis I<\/em><br>avec une <a href=\"https:\/\/cultures-numeriques.com\/2024\/11\/06\/tania-love-morphogenesis-i-avec-osielle-s-salgo\/\">contribution<\/a> de St\u00e9phanie Salgo <br>07 novembre &#8211; 11 d\u00e9cembre 2024<\/p>\n\n\n\n<p class=\"has-background has-very-light-gray-background-color\">NO\u00c9MIE ROY: <em>L&rsquo;\u00e9pingle filante<\/em><br>avec une <a href=\"https:\/\/art-rium.shorthandstories.com\/re-naissance\/index.html\">contribution<\/a> de Steve Kawe<br>13 f\u00e9vrier &#8211; 19 mars 2025<\/p>\n<\/div><\/div>\n\n\n\n<div style=\"height:100px\" aria-hidden=\"true\" class=\"wp-block-spacer\"><\/div>\n\n\n\n<p class=\"has-drop-cap\">La vitrine du Labo, install\u00e9e au rez-de-chauss\u00e9e de l&rsquo;UOF, devient un \u00e9crin pour le projet artistique <em>R\u00e9sistances silencieuses<\/em>,  prot\u00e9geant et c\u00e9l\u00e9brant une notion impalpable: l&rsquo;intime.&nbsp;<br>Comment prendre soin de nos espaces intimes? Comment les r\u00e9enchanter?<\/p>\n\n\n\n<p>Face \u00e0 un monde toujours plus hostile, face \u00e0 des soci\u00e9t\u00e9s o\u00f9 la violence, la croissance et l&rsquo;appropriation dictent les r\u00e8gles, une r\u00e9sistance li\u00e9e \u00e0 la douceur, la lenteur et la sobri\u00e9t\u00e9 est ici propos\u00e9e. Il s&rsquo;agit de renverser les perspectives dominantes en mettant en avant le soin et la d\u00e9licatesse, souvent associ\u00e9s au f\u00e9minin et m\u00e9pris\u00e9s dans une soci\u00e9t\u00e9 patriarcale qui valorise la force et la domination, afin de les revendiquer comme des valeurs universelles.<\/p>\n\n\n\n<p>La vitrine devient ainsi un \u00e9crin protecteur et r\u00e9confortant permettant de d\u00e9voiler deux projets hautement intimes, deux voix de femmes, qui nous susurrent \u00e0 l&rsquo;oreille des r\u00e9cits corporels et spirituels empreints d&rsquo;une grande sensibilit\u00e9.&nbsp;<\/p>\n\n\n\n<p>Tania Love, artiste visuelle, nous invite \u00e0 la contemplation et \u00e0 la lenteur, avec une \u0153uvre faite de mat\u00e9riaux naturels et influenc\u00e9e par l&rsquo;<em>arte povera<\/em>,<em> <\/em><a href=\"https:\/\/tanialove.com\/works\/morphogenesis-l-2008\/\"><em>Morphogenesis I<\/em><\/a>. De grandes feuilles rouge\u00e2tres d\u00e9vor\u00e9es par une esp\u00e8ce invasive nous offrent une vision saisissante m\u00ealant beaut\u00e9 et trag\u00e9die.&nbsp; En \u00e9cho au corps humain, &#8211; le n\u00f4tre, ou celui de l&rsquo;artiste &#8211; un r\u00e9seau de veines, de poumons et d\u2019art\u00e8res semble se dessiner.<\/p>\n\n\n\n<p>L&rsquo;exposition de No\u00e9mie Roy,  s&rsquo;inspire de son recueil de po\u00e9sies<em> <a href=\"https:\/\/www.leslibraires.ca\/livres\/l-epingle-filante-noemie-roy-9782894198766.html?srsltid=AfmBOorBkqN08Z6C6VdmvFZvvNk3hDYkg_VIhb-dqojDK6rWRDGyBarH\">L\u2019\u00e9pingle filante<\/a><\/em>, o\u00f9 l\u2019\u00e9crivaine d\u00e9voile un certain versant de l\u2019intime: celui d\u2019une r\u00e9sistance qui se vit en soi, en famille, dans son propre corps, et qui implique l\u2019exercice du soin &#8211; la maternit\u00e9. Poursuivant cette r\u00e9flexion, l\u2019artiste a explor\u00e9 l\u2019univers de la laine card\u00e9e et de l\u2019organza pour cr\u00e9er une \u0153uvre textile: un jardin de laine oscillant entre abstraction et figuration. Cet espace, \u00e0 la fois v\u00e9g\u00e9tal et biologique, est constitu\u00e9 de motifs r\u00e9p\u00e9titifs \u00e9voquant l\u2019agr\u00e9gation des cellules et la transformation des corps.<\/p>\n\n\n\n<div class=\"wp-block-image\"><figure class=\"aligncenter is-resized\"><a href=\"https:\/\/www.instagram.com\/en.vitrine\/\"><img loading=\"lazy\" decoding=\"async\" src=\"https:\/\/lelabo.ca\/fr\/wp-content\/uploads\/sites\/2\/2024\/01\/5811465.png\" alt=\"\" class=\"wp-image-15038\" width=\"53\" height=\"53\"\/><\/a><\/figure><\/div>\n\n\n\n<hr class=\"wp-block-separator\"\/>\n\n\n\n<p class=\"has-background has-very-light-gray-background-color\"><strong>Le travail de m\u00e9diation num\u00e9rique des \u00e9tudiante\u00b7s de l&rsquo;UOF<\/strong><\/p>\n\n\n\n<p><strong>Pr\u00e9sentation du dispositif de m\u00e9diation de St\u00e9phanie Salgo autour de l&rsquo;\u0153uvre de Tania Love, <em>Morphogenesis I<\/em><\/strong>:<\/p>\n\n\n\n<blockquote class=\"wp-block-quote is-layout-flow wp-block-quote-is-layout-flow\"><p>D\u00e8s les premiers \u00e9changes avec Tania Love, j\u2019ai \u00e9t\u00e9 captiv\u00e9e par la dimension tactile de son travail artistique. Cela m\u2019a amen\u00e9e \u00e0 r\u00e9examiner notre rapport au toucher, notamment dans un contexte num\u00e9rique. Le toucher qui, au premier abord, est envisag\u00e9 comme un de cinq sens, joue aussi un r\u00f4le dans les technologies dites \u00ab digitales \u00bb, en r\u00e9ference aux doigts. J\u2019ai trouv\u00e9 int\u00e9ressant d\u2019explorer cette dimension num\u00e9rique du toucher sur des \u00e9crans, particuli\u00e8rement les \u00e9crans de t\u00e9l\u00e9phones mobiles. Apr\u00e8s tout, les t\u00e9l\u00e9phones multifonctions abritent aussi des donn\u00e9es et d\u00e9tails priv\u00e9s, voir intimes. Ils informent nos liens avec nos proches, et rendent possibles des exp\u00e9riences personnelles marquantes, \u00e9motionnelles et \u00e9mouvantes.<\/p><p>Dans ce contexte, le travail avec la r\u00e9alit\u00e9 augment\u00e9e sur t\u00e9l\u00e9phone mobile s\u2019est manifest\u00e9 comme un choix naturel. Ainsi, ce projet de m\u00e9diation a pour but d\u2019offrir une r\u00e9flexion portant sur les relations dynamiques entre corps et environnements naturels. Pour ce faire, l\u2019exp\u00e9rience du projet se fait via l\u2019application mobile de r\u00e9alit\u00e9 augment\u00e9e Adobe Aero. Le projet de m\u00e9diation est accessible via un code QR plac\u00e9 sur la vitrine de l\u2019\u0153uvre de l\u2019artiste. Une fois le code QR scann\u00e9, il m\u00e8nera au t\u00e9l\u00e9chargement de l\u2019application Adobe Aero, disponible gratuitement sur iPhone autant que sur les appareils Android. Par la suite, il faudra scanner \u00e0 nouveau le code QR afin d\u2019acc\u00e9der \u00e0 l\u2019\u0153uvre de m\u00e9diation.<\/p><p>Cette \u0153uvre de r\u00e9alit\u00e9 augment\u00e9e invite \u00e0 situer son corps en relation \u00e0 une feuille num\u00e9ris\u00e9e, pr\u00e9lev\u00e9e de l\u2019\u0153uvre de l\u2019artiste en vitrine. Une fois l\u2019application Adobe Aero t\u00e9l\u00e9charg\u00e9e et le code QR scann\u00e9 \u00e0 nouveau, la feuille appara\u00eetra comme \u00e9l\u00e9ment \u00e0 placer sur une surface horizontale via la cam\u00e9ra du t\u00e9l\u00e9phone. Lorsqu\u2019elle sera plac\u00e9e \u00e0 l\u2019endroit choisi au sol, la feuille commencera \u00e0 s\u2019animer par des pulsations semblables au rythme de battements de c\u0153ur. Se rapprocher de la feuille d\u00e9clenchera aussi de l\u2019audio.<br><br>La trame sonore accompagnant la pulsation de la feuille est tir\u00e9e d\u2019enregistrements de sons, capt\u00e9s par le collectif de design sonore <em>Sonoquilibrium<\/em>, provenant de l\u2019int\u00e9rieur de troncs d\u2019arbres. Ce paysage sonore invite \u00e0 la r\u00e9flexion et au questionnement : l\u2019int\u00e9rieur des arbres fait-il du bruit ? Oui, car la circulation de la s\u00e8ve \u00e0 travers l\u2019arbre est analogue \u00e0 la circulation du sang dans les corps humains.<\/p><p>La feuille num\u00e9ris\u00e9e et anim\u00e9e \u00e0 l\u2019\u00e9cran augmente l\u2019exp\u00e9rience des liens cr\u00e9\u00e9s en pr\u00e9sence de l\u2019\u0153uvre de l\u2019artiste. Elle invite particuli\u00e8rement \u00e0 ressentir les liens po\u00e9tiques entre les veines des feuilles de l\u2019artiste, \u00e0 \u00e9chelle humaine, et les n\u00f4tres.<\/p><p>Bien qu\u2019il soit recommand\u00e9 d\u2019activer l\u2019exp\u00e9rience devant la vitrine expos\u00e9e \u00e0 l\u2019UOF, elle se pr\u00eate au d\u00e9ploiement dans d\u2019autres contextes et lieux. Il est \u00e9galement possible de photographier l\u2019exp\u00e9rience de r\u00e9alit\u00e9 augment\u00e9e \u00e0 l\u2019aide d\u2019un bouton d\u00e9clencheur superpos\u00e9 \u00e0 la sc\u00e8ne.<\/p><cite>Texte de St\u00e9phanie Salgo &#8211; Site web du P\u00f4le d&rsquo;\u00e9tudes et de recherche en cultures num\u00e9riques de l&rsquo;UOf<\/cite><\/blockquote>\n\n\n\n<div class=\"wp-block-image\"><figure class=\"aligncenter size-large is-resized\"><img loading=\"lazy\" decoding=\"async\" src=\"https:\/\/lelabo.ca\/fr\/wp-content\/uploads\/sites\/2\/2024\/11\/te\u0301le\u0301chargement.png\" alt=\"\" class=\"wp-image-16172\" width=\"117\" height=\"117\"\/><\/figure><\/div>\n\n\n\n<hr class=\"wp-block-separator\"\/>\n\n\n\n<p><strong>Pr\u00e9sentation du dispositif de m\u00e9diation de Steve Kawe autour de l&rsquo;\u0153uvre de No\u00e9mie Roy, <em>L&rsquo;\u00e9pingle filante<\/em><\/strong>:<\/p>\n\n\n\n<blockquote class=\"wp-block-quote is-layout-flow wp-block-quote-is-layout-flow\"><p>Ce projet s\u2019inscrit dans la dynamique du programme En vitrine 2 du Labo, un espace con\u00e7u pour mettre en lumi\u00e8re des pratiques artistiques contemporaines et exp\u00e9rimentales francophones \u00e0 Toronto. En tant que m\u00e9diateur num\u00e9rique du projet, j\u2019\u00e9tais port\u00e9 par une volont\u00e9 de m\u00e9diation immersive et transversale afin d\u2019offrir une connexion profonde entre l\u2019\u0153uvre de l\u2019artiste No\u00e9mie Roy et le public. M\u2019inscrire dans l\u2019approche adopt\u00e9e par l\u2019artiste fusionnant litt\u00e9rature, arts visuels, j\u2019ai tent\u00e9 \u00e0 travers ma m\u00e9diation d\u2019inscrire subtilement la composante interaction num\u00e9rique pour \u2018augmenter\u2019 l\u2019exp\u00e9rience sensorielle unique et participative de l\u2019\u0153uvre de l\u2019artiste.<br><br>Au c\u0153ur de cette initiative se trouve une relecture innovante du recueil&nbsp;<em>L\u2019\u00e9pingle filante&nbsp;<\/em>de l&rsquo;artiste No\u00e9mie Roy, qui prend vie au travers d\u2019une installation interactive au rez-de-chauss\u00e9e de l\u2019Universit\u00e9 de l\u2019Ontario fran\u00e7ais. Son dispositif m\u2019a invit\u00e9 \u00e0 plonger dans un univers o\u00f9 les mots, la mati\u00e8re textile et les th\u00e9matiques du soin et de la transmission s&rsquo;entrelacent pour offrir une interpr\u00e9tation sensible et engageante. Cette nouvelle forme artistique privil\u00e9gie une interaction directe et tangible avec l\u2019\u0153uvre, favorisant une exploration singuli\u00e8re et une r\u00e9sonance personnelle entre le m\u00e9diateur, le visiteur et le contenu cr\u00e9\u00e9.<br><br>Mon dispositif de m\u00e9diation est une approche transversale m\u00ealant analyse lexicale, visualisation po\u00e9tique et interactivit\u00e9 num\u00e9rique, il invite le public \u00e0 explorer l\u2019\u0153uvre sous un prisme sensoriel et participatif. Concr\u00e8tement, l\u2019installation repose sur une cartographie des mots-cl\u00e9s, traduite en une visualisation dynamique, o\u00f9 texte et image s\u2019entrelacent pour cr\u00e9er un espace de lecture fluide et intuitif. Cette m\u00e9diation num\u00e9rique vise \u00e0 red\u00e9finir le rapport entre public, l\u2019artiste et la cr\u00e9ation artistique. En rendant tangible l\u2019immat\u00e9riel de la po\u00e9sie et en int\u00e9grant une forte dimension participative, le dispositif tente de d\u00e9passer les cadres traditionnels de l\u2019exposition vers le sensible. Le dispositif de m\u00e9diation transforme le statut de chaque visiteur non pas comme un acteur passif et observateur de cette sc\u00e8ne, mais devient un acteur actif, invit\u00e9 \u00e0 s\u2019approprier l\u2019\u0153uvre \u00e0 travers ses propres perceptions et sentiments.<\/p><cite>Steve Kawe, <em>(Re)naissance<\/em><\/cite><\/blockquote>\n\n\n\n<p>Cliquez <a href=\"https:\/\/art-rium.shorthandstories.com\/re-naissance\/index.html\">ici<\/a> pour acc\u00e9der \u00e0 tout le dispositif cr\u00e9e par Steve.<\/p>\n\n\n\n<hr class=\"wp-block-separator\"\/>\n\n\n\n<p class=\"has-normal-font-size\">1. <strong>Dialogue avec l&rsquo;artiste et transparence cr\u00e9ative &#8211; un podcast r\u00e9alis\u00e9 par Steve Kawe<\/strong><\/p>\n\n\n\n<iframe title=\"Un dialogue entre cr\u00e9ation et m\u00e9diation\" allowtransparency=\"true\" height=\"300\" width=\"100%\" style=\"border: none; min-width: min(100%, 430px);height:300px;\" scrolling=\"no\" data-name=\"pb-iframe-player\" src=\"https:\/\/www.podbean.com\/player-v2\/?from=embed&amp;i=gfzh7-17f6485-pb&amp;square=1&amp;share=1&amp;download=1&amp;fonts=Arial&amp;skin=1b1b1b&amp;font-color=&amp;rtl=0&amp;logo_link=&amp;btn-skin=7&amp;size=300\" loading=\"lazy\" allowfullscreen=\"\"><\/iframe>\n\n\n\n<p>Voix: Steve Kawe &amp; No\u00e9mie Roy<\/p>\n\n\n\n<hr class=\"wp-block-separator\"\/>\n\n\n\n<p>2. <strong>Visualisation po\u00e9tique, \u00e0 la crois\u00e9e des arts &#8211; une animation r\u00e9alis\u00e9e par Steve Kawe<\/strong><\/p>\n\n\n\n<iframe loading=\"lazy\" src=\"https:\/\/my.spline.design\/mdiationcopy-8e7abb609c79ee2ffe1ab5a45f2aa326\/\" frameborder=\"0\" width=\"100%\" height=\"800px\"><\/iframe>\n\n\n\n<hr class=\"wp-block-separator\"\/>\n\n\n\n<p>3. <strong>Analyse lexicale et cartographie des mots-cl\u00e9s<\/strong> <strong>&#8211; une animation r\u00e9alis\u00e9e par Steve Kawe<\/strong><br><br><\/p>\n\n\n\n<div class=\"wp-block-image\"><figure class=\"aligncenter size-large is-resized\"><a href=\"https:\/\/kawestive.wixstudio.com\/collocation-de-mots\" target=\"_blank\" rel=\"noreferrer noopener\"><img loading=\"lazy\" decoding=\"async\" src=\"https:\/\/lelabo.ca\/fr\/wp-content\/uploads\/sites\/2\/2025\/03\/24-25_ZOOM-SUR-ARTISTE_SOCIAL-MEDIA-SQUARE-POST--1024x1024.png\" alt=\"\" class=\"wp-image-16269\" width=\"405\" height=\"405\" srcset=\"https:\/\/lelabo.ca\/fr\/wp-content\/uploads\/sites\/2\/2025\/03\/24-25_ZOOM-SUR-ARTISTE_SOCIAL-MEDIA-SQUARE-POST--1024x1024.png 1024w, https:\/\/lelabo.ca\/fr\/wp-content\/uploads\/sites\/2\/2025\/03\/24-25_ZOOM-SUR-ARTISTE_SOCIAL-MEDIA-SQUARE-POST--300x300.png 300w, https:\/\/lelabo.ca\/fr\/wp-content\/uploads\/sites\/2\/2025\/03\/24-25_ZOOM-SUR-ARTISTE_SOCIAL-MEDIA-SQUARE-POST--768x768.png 768w, https:\/\/lelabo.ca\/fr\/wp-content\/uploads\/sites\/2\/2025\/03\/24-25_ZOOM-SUR-ARTISTE_SOCIAL-MEDIA-SQUARE-POST--270x270.png 270w, https:\/\/lelabo.ca\/fr\/wp-content\/uploads\/sites\/2\/2025\/03\/24-25_ZOOM-SUR-ARTISTE_SOCIAL-MEDIA-SQUARE-POST--230x230.png 230w, https:\/\/lelabo.ca\/fr\/wp-content\/uploads\/sites\/2\/2025\/03\/24-25_ZOOM-SUR-ARTISTE_SOCIAL-MEDIA-SQUARE-POST--400x400.png 400w, https:\/\/lelabo.ca\/fr\/wp-content\/uploads\/sites\/2\/2025\/03\/24-25_ZOOM-SUR-ARTISTE_SOCIAL-MEDIA-SQUARE-POST-.png 1080w\" sizes=\"auto, (max-width: 405px) 100vw, 405px\" \/><\/a><\/figure><\/div>\n\n\n\n<hr class=\"wp-block-separator\"\/>\n\n\n\n<p class=\"has-background has-very-light-gray-background-color\">Au sujet des artistes et de la commissaire<\/p>\n\n\n\n<figure class=\"wp-block-image size-large\"><img loading=\"lazy\" decoding=\"async\" width=\"1024\" height=\"314\" src=\"https:\/\/lelabo.ca\/fr\/wp-content\/uploads\/sites\/2\/2024\/10\/SITE-WEB_Illustrations_1200-x-368-1200-x-468-px-2-1024x314.png\" alt=\"\" class=\"wp-image-16046\" srcset=\"https:\/\/lelabo.ca\/fr\/wp-content\/uploads\/sites\/2\/2024\/10\/SITE-WEB_Illustrations_1200-x-368-1200-x-468-px-2-1024x314.png 1024w, https:\/\/lelabo.ca\/fr\/wp-content\/uploads\/sites\/2\/2024\/10\/SITE-WEB_Illustrations_1200-x-368-1200-x-468-px-2-300x92.png 300w, https:\/\/lelabo.ca\/fr\/wp-content\/uploads\/sites\/2\/2024\/10\/SITE-WEB_Illustrations_1200-x-368-1200-x-468-px-2-768x236.png 768w, https:\/\/lelabo.ca\/fr\/wp-content\/uploads\/sites\/2\/2024\/10\/SITE-WEB_Illustrations_1200-x-368-1200-x-468-px-2.png 1200w\" sizes=\"auto, (max-width: 1024px) 100vw, 1024px\" \/><figcaption>De gauche \u00e0 droite: Tania Love, Mathilde Rousseau et No\u00e9mie Roy<br>\u00a9 Pascaline Le Bras (photo du milieu) et Katya Konioukhava (photo de droite)<\/figcaption><\/figure>\n\n\n\n<hr class=\"wp-block-separator\"\/>\n\n\n\n<p><strong>Mathilde Rousseau<\/strong><br>Mathilde Rousseau est une travailleuse culturelle et commissaire \u00e9mergente bas\u00e9e \u00e0 Toronto. Elle a \u00e9tudi\u00e9 l&rsquo;histoire de l&rsquo;art \u00e0 l&rsquo;\u00c9cole du Louvre \u00e0 Paris, puis la m\u00e9diation culturelle. \u00c0 travers son travail, elle s&rsquo;engage \u00e0 promouvoir l&rsquo;inclusion de tous les publics et \u00e0 lutter contre l&rsquo;\u00e9litisme dans le domaine de l&rsquo;art. Elle explore \u00e9galement de nouvelles voies de r\u00e9sistance face aux d\u00e9rives de nos soci\u00e9t\u00e9s post-modernes, aux syst\u00e8mes oppressifs et \u00e9cocides, en plaidant pour le ralentissement, la douceur et le soin.<\/p>\n\n\n\n<hr class=\"wp-block-separator\"\/>\n\n\n\n<p><strong>Tania Love<\/strong><br><a href=\"https:\/\/tanialove.com\/\" target=\"_blank\" rel=\"noreferrer noopener\" aria-label=\" (s\u2019ouvre dans un nouvel onglet)\">Tania Love<\/a> est une artiste visuelle qui travaille et vit \u00e0 Toronto. Son \u0153uvre s\u2019inspire de la relation avec le lieu dans lequel se d\u00e9ploient ses \u0153uvres, et d\u2019une connexion avec la nature. Elle privil\u00e9gie le processus, la lenteur et la sensorialit\u00e9, tout en employant une gamme de mat\u00e9riaux naturels. Elle a b\u00e9n\u00e9fici\u00e9 de nombreuses bourses et r\u00e9sidences, en a expos\u00e9 au Canada et \u00e0 l\u2019\u00e9tranger.<\/p>\n\n\n\n<hr class=\"wp-block-separator\"\/>\n\n\n\n<p><strong>No\u00e9mie Roy<\/strong><br><a href=\"https:\/\/www.noemieroy.com\/\" target=\"_blank\" rel=\"noreferrer noopener\" aria-label=\" (s\u2019ouvre dans un nouvel onglet)\">No\u00e9mie Roy<\/a> est autrice, artiste pluridisciplinaire et enseignante. Elle a particip\u00e9 \u00e0 certains num\u00e9ros des revues <em>Exit <\/em>et<em> Zinc<\/em>. En 2021, elle publie son premier recueil de po\u00e9sie <em>Parmi celles qui flambent<\/em> (Les Herbes rouges). N\u00e9e au Qu\u00e9bec, elle emm\u00e9nage \u00e0 Oshawa en 2022. Si elle visite les interstices des provinces, des disciplines et des genres litt\u00e9raires, son travail explore toujours les diff\u00e9rentes facettes de la transformation : le vieillissement, la gu\u00e9rison, le soin, et ce, avec le besoin de se lier \u00e0 soi, aux autres et au monde.<\/p>\n\n\n\n<hr class=\"wp-block-separator\"\/>\n\n\n\n<figure class=\"wp-block-image size-large\"><img loading=\"lazy\" decoding=\"async\" width=\"1024\" height=\"178\" src=\"https:\/\/lelabo.ca\/fr\/wp-content\/uploads\/sites\/2\/2025\/01\/SITE-WEB_LOGOS4-1024x178.png\" alt=\"\" class=\"wp-image-16227\" srcset=\"https:\/\/lelabo.ca\/fr\/wp-content\/uploads\/sites\/2\/2025\/01\/SITE-WEB_LOGOS4-1024x178.png 1024w, https:\/\/lelabo.ca\/fr\/wp-content\/uploads\/sites\/2\/2025\/01\/SITE-WEB_LOGOS4-300x52.png 300w, https:\/\/lelabo.ca\/fr\/wp-content\/uploads\/sites\/2\/2025\/01\/SITE-WEB_LOGOS4-768x134.png 768w, https:\/\/lelabo.ca\/fr\/wp-content\/uploads\/sites\/2\/2025\/01\/SITE-WEB_LOGOS4.png 1536w\" sizes=\"auto, (max-width: 1024px) 100vw, 1024px\" \/><\/figure>\n","protected":false},"excerpt":{"rendered":"<p>De novembre 2024 \u00e0 mars 2025, d\u00e9couvrez les \u0153uvres de Tania Love et No\u00e9mie Roy pr\u00e9sent\u00e9es cons\u00e9cutivement dans l\u2019enceinte de l\u2019Universit\u00e9 de l&rsquo;Ontario fran\u00e7ais, un projet commissari\u00e9 par Mathilde Rousseau. <\/p>\n<p>07 novembre &#8211; 11 d\u00e9cembre 2024<br \/>\n13 f\u00e9vrier &#8211; 19 mars 2025<\/p>\n","protected":false},"author":2,"featured_media":16097,"comment_status":"closed","ping_status":"closed","sticky":false,"template":"","format":"standard","meta":{"footnotes":""},"categories":[74],"tags":[],"class_list":["post-16030","post","type-post","status-publish","format-standard","has-post-thumbnail","hentry","category-a-venir"],"yoast_head":"<!-- This site is optimized with the Yoast SEO plugin v24.9 - https:\/\/yoast.com\/wordpress\/plugins\/seo\/ -->\n<title>En vitrine saison 2 | R\u00e9sistances silencieuses - Le Labo FR<\/title>\n<meta name=\"robots\" content=\"index, follow, max-snippet:-1, max-image-preview:large, max-video-preview:-1\" \/>\n<link rel=\"canonical\" href=\"https:\/\/lelabo.ca\/fr\/en-vitrine-saison-2-resistances-silencieuses\/\" \/>\n<meta property=\"og:locale\" content=\"fr_FR\" \/>\n<meta property=\"og:type\" content=\"article\" \/>\n<meta property=\"og:title\" content=\"En vitrine saison 2 | R\u00e9sistances silencieuses - Le Labo FR\" \/>\n<meta property=\"og:description\" content=\"De novembre 2024 \u00e0 mars 2025, d\u00e9couvrez les \u0153uvres de Tania Love et No\u00e9mie Roy pr\u00e9sent\u00e9es cons\u00e9cutivement dans l\u2019enceinte de l\u2019Universit\u00e9 de l&#039;Ontario fran\u00e7ais, un projet commissari\u00e9 par Mathilde Rousseau.  07 novembre - 11 d\u00e9cembre 2024 13 f\u00e9vrier - 19 mars 2025\" \/>\n<meta property=\"og:url\" content=\"https:\/\/lelabo.ca\/fr\/en-vitrine-saison-2-resistances-silencieuses\/\" \/>\n<meta property=\"og:site_name\" content=\"Le Labo FR\" \/>\n<meta property=\"article:published_time\" content=\"2024-10-22T15:40:46+00:00\" \/>\n<meta property=\"article:modified_time\" content=\"2025-04-01T14:51:50+00:00\" \/>\n<meta property=\"og:image\" content=\"https:\/\/lelabo.ca\/fr\/wp-content\/uploads\/sites\/2\/2024\/10\/SITE-WEB_VIGNETTES-500X500-4.png\" \/>\n\t<meta property=\"og:image:width\" content=\"500\" \/>\n\t<meta property=\"og:image:height\" content=\"500\" \/>\n\t<meta property=\"og:image:type\" content=\"image\/png\" \/>\n<meta name=\"author\" content=\"Le Labo\" \/>\n<meta name=\"twitter:card\" content=\"summary_large_image\" \/>\n<meta name=\"twitter:label1\" content=\"\u00c9crit par\" \/>\n\t<meta name=\"twitter:data1\" content=\"Le Labo\" \/>\n\t<meta name=\"twitter:label2\" content=\"Dur\u00e9e de lecture estim\u00e9e\" \/>\n\t<meta name=\"twitter:data2\" content=\"10 minutes\" \/>\n<script type=\"application\/ld+json\" class=\"yoast-schema-graph\">{\"@context\":\"https:\/\/schema.org\",\"@graph\":[{\"@type\":\"WebPage\",\"@id\":\"https:\/\/lelabo.ca\/fr\/en-vitrine-saison-2-resistances-silencieuses\/\",\"url\":\"https:\/\/lelabo.ca\/fr\/en-vitrine-saison-2-resistances-silencieuses\/\",\"name\":\"En vitrine saison 2 | R\u00e9sistances silencieuses - Le Labo FR\",\"isPartOf\":{\"@id\":\"https:\/\/lelabo.ca\/fr\/#website\"},\"primaryImageOfPage\":{\"@id\":\"https:\/\/lelabo.ca\/fr\/en-vitrine-saison-2-resistances-silencieuses\/#primaryimage\"},\"image\":{\"@id\":\"https:\/\/lelabo.ca\/fr\/en-vitrine-saison-2-resistances-silencieuses\/#primaryimage\"},\"thumbnailUrl\":\"https:\/\/lelabo.ca\/fr\/wp-content\/uploads\/sites\/2\/2024\/10\/SITE-WEB_VIGNETTES-500X500-4.png\",\"datePublished\":\"2024-10-22T15:40:46+00:00\",\"dateModified\":\"2025-04-01T14:51:50+00:00\",\"author\":{\"@id\":\"https:\/\/lelabo.ca\/fr\/#\/schema\/person\/7edfb4726367f54e3791ef5de3dc4ee9\"},\"breadcrumb\":{\"@id\":\"https:\/\/lelabo.ca\/fr\/en-vitrine-saison-2-resistances-silencieuses\/#breadcrumb\"},\"inLanguage\":\"fr-FR\",\"potentialAction\":[{\"@type\":\"ReadAction\",\"target\":[\"https:\/\/lelabo.ca\/fr\/en-vitrine-saison-2-resistances-silencieuses\/\"]}]},{\"@type\":\"ImageObject\",\"inLanguage\":\"fr-FR\",\"@id\":\"https:\/\/lelabo.ca\/fr\/en-vitrine-saison-2-resistances-silencieuses\/#primaryimage\",\"url\":\"https:\/\/lelabo.ca\/fr\/wp-content\/uploads\/sites\/2\/2024\/10\/SITE-WEB_VIGNETTES-500X500-4.png\",\"contentUrl\":\"https:\/\/lelabo.ca\/fr\/wp-content\/uploads\/sites\/2\/2024\/10\/SITE-WEB_VIGNETTES-500X500-4.png\",\"width\":500,\"height\":500},{\"@type\":\"BreadcrumbList\",\"@id\":\"https:\/\/lelabo.ca\/fr\/en-vitrine-saison-2-resistances-silencieuses\/#breadcrumb\",\"itemListElement\":[{\"@type\":\"ListItem\",\"position\":1,\"name\":\"Accueil\",\"item\":\"https:\/\/lelabo.ca\/fr\/\"},{\"@type\":\"ListItem\",\"position\":2,\"name\":\"En vitrine saison 2 | R\u00e9sistances silencieuses\"}]},{\"@type\":\"WebSite\",\"@id\":\"https:\/\/lelabo.ca\/fr\/#website\",\"url\":\"https:\/\/lelabo.ca\/fr\/\",\"name\":\"Le Labo FR\",\"description\":\"\",\"potentialAction\":[{\"@type\":\"SearchAction\",\"target\":{\"@type\":\"EntryPoint\",\"urlTemplate\":\"https:\/\/lelabo.ca\/fr\/?s={search_term_string}\"},\"query-input\":{\"@type\":\"PropertyValueSpecification\",\"valueRequired\":true,\"valueName\":\"search_term_string\"}}],\"inLanguage\":\"fr-FR\"},{\"@type\":\"Person\",\"@id\":\"https:\/\/lelabo.ca\/fr\/#\/schema\/person\/7edfb4726367f54e3791ef5de3dc4ee9\",\"name\":\"Le Labo\",\"url\":\"https:\/\/lelabo.ca\/fr\/author\/carolina\/\"}]}<\/script>\n<!-- \/ Yoast SEO plugin. -->","yoast_head_json":{"title":"En vitrine saison 2 | R\u00e9sistances silencieuses - Le Labo FR","robots":{"index":"index","follow":"follow","max-snippet":"max-snippet:-1","max-image-preview":"max-image-preview:large","max-video-preview":"max-video-preview:-1"},"canonical":"https:\/\/lelabo.ca\/fr\/en-vitrine-saison-2-resistances-silencieuses\/","og_locale":"fr_FR","og_type":"article","og_title":"En vitrine saison 2 | R\u00e9sistances silencieuses - Le Labo FR","og_description":"De novembre 2024 \u00e0 mars 2025, d\u00e9couvrez les \u0153uvres de Tania Love et No\u00e9mie Roy pr\u00e9sent\u00e9es cons\u00e9cutivement dans l\u2019enceinte de l\u2019Universit\u00e9 de l'Ontario fran\u00e7ais, un projet commissari\u00e9 par Mathilde Rousseau.  07 novembre - 11 d\u00e9cembre 2024 13 f\u00e9vrier - 19 mars 2025","og_url":"https:\/\/lelabo.ca\/fr\/en-vitrine-saison-2-resistances-silencieuses\/","og_site_name":"Le Labo FR","article_published_time":"2024-10-22T15:40:46+00:00","article_modified_time":"2025-04-01T14:51:50+00:00","og_image":[{"width":500,"height":500,"url":"https:\/\/lelabo.ca\/fr\/wp-content\/uploads\/sites\/2\/2024\/10\/SITE-WEB_VIGNETTES-500X500-4.png","type":"image\/png"}],"author":"Le Labo","twitter_card":"summary_large_image","twitter_misc":{"\u00c9crit par":"Le Labo","Dur\u00e9e de lecture estim\u00e9e":"10 minutes"},"schema":{"@context":"https:\/\/schema.org","@graph":[{"@type":"WebPage","@id":"https:\/\/lelabo.ca\/fr\/en-vitrine-saison-2-resistances-silencieuses\/","url":"https:\/\/lelabo.ca\/fr\/en-vitrine-saison-2-resistances-silencieuses\/","name":"En vitrine saison 2 | R\u00e9sistances silencieuses - Le Labo FR","isPartOf":{"@id":"https:\/\/lelabo.ca\/fr\/#website"},"primaryImageOfPage":{"@id":"https:\/\/lelabo.ca\/fr\/en-vitrine-saison-2-resistances-silencieuses\/#primaryimage"},"image":{"@id":"https:\/\/lelabo.ca\/fr\/en-vitrine-saison-2-resistances-silencieuses\/#primaryimage"},"thumbnailUrl":"https:\/\/lelabo.ca\/fr\/wp-content\/uploads\/sites\/2\/2024\/10\/SITE-WEB_VIGNETTES-500X500-4.png","datePublished":"2024-10-22T15:40:46+00:00","dateModified":"2025-04-01T14:51:50+00:00","author":{"@id":"https:\/\/lelabo.ca\/fr\/#\/schema\/person\/7edfb4726367f54e3791ef5de3dc4ee9"},"breadcrumb":{"@id":"https:\/\/lelabo.ca\/fr\/en-vitrine-saison-2-resistances-silencieuses\/#breadcrumb"},"inLanguage":"fr-FR","potentialAction":[{"@type":"ReadAction","target":["https:\/\/lelabo.ca\/fr\/en-vitrine-saison-2-resistances-silencieuses\/"]}]},{"@type":"ImageObject","inLanguage":"fr-FR","@id":"https:\/\/lelabo.ca\/fr\/en-vitrine-saison-2-resistances-silencieuses\/#primaryimage","url":"https:\/\/lelabo.ca\/fr\/wp-content\/uploads\/sites\/2\/2024\/10\/SITE-WEB_VIGNETTES-500X500-4.png","contentUrl":"https:\/\/lelabo.ca\/fr\/wp-content\/uploads\/sites\/2\/2024\/10\/SITE-WEB_VIGNETTES-500X500-4.png","width":500,"height":500},{"@type":"BreadcrumbList","@id":"https:\/\/lelabo.ca\/fr\/en-vitrine-saison-2-resistances-silencieuses\/#breadcrumb","itemListElement":[{"@type":"ListItem","position":1,"name":"Accueil","item":"https:\/\/lelabo.ca\/fr\/"},{"@type":"ListItem","position":2,"name":"En vitrine saison 2 | R\u00e9sistances silencieuses"}]},{"@type":"WebSite","@id":"https:\/\/lelabo.ca\/fr\/#website","url":"https:\/\/lelabo.ca\/fr\/","name":"Le Labo FR","description":"","potentialAction":[{"@type":"SearchAction","target":{"@type":"EntryPoint","urlTemplate":"https:\/\/lelabo.ca\/fr\/?s={search_term_string}"},"query-input":{"@type":"PropertyValueSpecification","valueRequired":true,"valueName":"search_term_string"}}],"inLanguage":"fr-FR"},{"@type":"Person","@id":"https:\/\/lelabo.ca\/fr\/#\/schema\/person\/7edfb4726367f54e3791ef5de3dc4ee9","name":"Le Labo","url":"https:\/\/lelabo.ca\/fr\/author\/carolina\/"}]}},"_links":{"self":[{"href":"https:\/\/lelabo.ca\/fr\/wp-json\/wp\/v2\/posts\/16030","targetHints":{"allow":["GET"]}}],"collection":[{"href":"https:\/\/lelabo.ca\/fr\/wp-json\/wp\/v2\/posts"}],"about":[{"href":"https:\/\/lelabo.ca\/fr\/wp-json\/wp\/v2\/types\/post"}],"author":[{"embeddable":true,"href":"https:\/\/lelabo.ca\/fr\/wp-json\/wp\/v2\/users\/2"}],"replies":[{"embeddable":true,"href":"https:\/\/lelabo.ca\/fr\/wp-json\/wp\/v2\/comments?post=16030"}],"version-history":[{"count":41,"href":"https:\/\/lelabo.ca\/fr\/wp-json\/wp\/v2\/posts\/16030\/revisions"}],"predecessor-version":[{"id":16293,"href":"https:\/\/lelabo.ca\/fr\/wp-json\/wp\/v2\/posts\/16030\/revisions\/16293"}],"wp:featuredmedia":[{"embeddable":true,"href":"https:\/\/lelabo.ca\/fr\/wp-json\/wp\/v2\/media\/16097"}],"wp:attachment":[{"href":"https:\/\/lelabo.ca\/fr\/wp-json\/wp\/v2\/media?parent=16030"}],"wp:term":[{"taxonomy":"category","embeddable":true,"href":"https:\/\/lelabo.ca\/fr\/wp-json\/wp\/v2\/categories?post=16030"},{"taxonomy":"post_tag","embeddable":true,"href":"https:\/\/lelabo.ca\/fr\/wp-json\/wp\/v2\/tags?post=16030"}],"curies":[{"name":"wp","href":"https:\/\/api.w.org\/{rel}","templated":true}]}}