{"id":16648,"date":"2025-09-25T21:21:12","date_gmt":"2025-09-25T21:21:12","guid":{"rendered":"https:\/\/lelabo.ca\/fr\/?p=16648"},"modified":"2026-05-01T20:06:37","modified_gmt":"2026-05-01T20:06:37","slug":"saison-2025-2026","status":"publish","type":"post","link":"https:\/\/lelabo.ca\/fr\/saison-2025-2026\/","title":{"rendered":"Saison 2025-2026"},"content":{"rendered":"\n<figure class=\"wp-block-image size-large\"><img loading=\"lazy\" decoding=\"async\" width=\"1024\" height=\"314\" src=\"https:\/\/lelabo.ca\/fr\/wp-content\/uploads\/sites\/2\/2025\/09\/SITE-WEB_Illustrations_1200-x-368-1200-x-468-px-1-4-1024x314.png\" alt=\"\" class=\"wp-image-16895\" srcset=\"https:\/\/lelabo.ca\/fr\/wp-content\/uploads\/sites\/2\/2025\/09\/SITE-WEB_Illustrations_1200-x-368-1200-x-468-px-1-4-1024x314.png 1024w, https:\/\/lelabo.ca\/fr\/wp-content\/uploads\/sites\/2\/2025\/09\/SITE-WEB_Illustrations_1200-x-368-1200-x-468-px-1-4-300x92.png 300w, https:\/\/lelabo.ca\/fr\/wp-content\/uploads\/sites\/2\/2025\/09\/SITE-WEB_Illustrations_1200-x-368-1200-x-468-px-1-4-768x236.png 768w, https:\/\/lelabo.ca\/fr\/wp-content\/uploads\/sites\/2\/2025\/09\/SITE-WEB_Illustrations_1200-x-368-1200-x-468-px-1-4.png 1200w\" sizes=\"auto, (max-width: 1024px) 100vw, 1024px\" \/><\/figure>\n\n\n\n<p class=\"has-white-color has-text-color has-background has-link-color wp-elements-f8fb125e76c8e7e515e823b19700195c\" style=\"background:linear-gradient(135deg,rgb(0,0,0) 17%,rgb(252,220,52) 100%)\"><strong><strong>DE LA JACH\u00c8RE AU <strong>\u00ab\u00a0<\/strong>MICRO<strong>\u00ab\u00a0<\/strong> : UN PREMIER CHAPITRE DE TRANSITION<\/strong> <\/strong><\/p>\n\n\n\n<p><\/p>\n\n\n\n<blockquote class=\"wp-block-quote is-layout-flow wp-block-quote-is-layout-flow\">\n<p>Non, la jach\u00e8re n\u2019est pas encore tout \u00e0 fait termin\u00e9e. <br>Depuis trois ans en \u00e9quipe, on observe avec soin les petites pousses laiss\u00e9es par les artistes qui ont travers\u00e9 notre studio 277: des projets en devenir, des tentatives, de nouvelles pratiques, et surtout la naissance de liens.<br>Artistes, membres, partenaires, bailleurs de fonds; ensemble nous avons appris \u00e0 attendre, \u00e0 laisser m\u00fbrir.<br>Et dans ce temps long, j\u2019ai vu appara\u00eetre une graine discr\u00e8te, petite presque invisible au d\u00e9but : le <em>micro<\/em>.<br>Et ce pr\u00e9fixe \u201cmicro\u201d tend \u00e0 souligner la praticit\u00e9 et l\u2019adaptabilit\u00e9 du dispositif, dont le but est de former un maillage \u00e0 l\u2019\u00e9chelle humaine avant tout.<br>Ce n\u2019est donc pas par d\u00e9faut, mais un choix.<br>Celui de ne pas c\u00e9der \u00e0 l\u2019obsession du grand, du visible, du mesurable.<br>Celui de pr\u00e9f\u00e9rer l\u2019intime au spectaculaire.<br>Voyons ce que cela donne&#8230;<\/p>\n<cite>DYANA OUVRARD, DIRECTRICE G\u00c9N\u00c9RALE ET ARTISTIQUE<\/cite><\/blockquote>\n\n\n\n<h2 class=\"wp-block-heading\">SEPT\/OCT 2025<\/h2>\n\n\n\n<p>Jusqu\u2019au 19 octobre: <a href=\"https:\/\/lelabo.ca\/fr\/distance-a-art-windsor-essex-le-labo-hors-les-murs\/\"><strong>Hors-les-murs | Distance<\/strong><\/a> avec Lise Beaudry, Emilio Portal, Samuel Choisy<strong> <\/strong>| <em>Art Windsor Essex<\/em><\/p>\n\n\n\n<p>25 septembre 18h: <strong>Lancement de saison | Performance IA &amp; danse <\/strong>| <em>Rooftop du 401 Richmond<\/em><\/p>\n\n\n\n<p>04 octobre 10h: <a href=\"https:\/\/lelabo.ca\/fr\/flanerie-a-high-park-avec-tania-love-creation-de-teintures-vegetales\/\"><strong>Fl\u00e2nerie et r\u00e9colte<\/strong><\/a> avec Tania Love | <em>High Park&nbsp;<\/em><\/p>\n\n\n\n<p>04 octobre 19h00 &#8211; 05 octobre 7h00: <strong><a href=\"https:\/\/lelabo.ca\/fr\/installation-la-fondation-du-rien-nuit-blanche\/\">Installation&nbsp;<em>La fondation du rien<\/em>&nbsp;| Nuit Blanche<\/a> <\/strong>| <em>401 Richmond&nbsp;<\/em><\/p>\n\n\n\n<p>08 octobre en ligne, 12h00-14h00: <strong><a href=\"https:\/\/lelabo.ca\/fr\/lincubateur-de-litterature-numerique-ilinu\/\">L&rsquo;incubateur de litt\u00e9rature num\u00e9rique (ILINU)<\/a> <\/strong>| <em>Topo Art<\/em><\/p>\n\n\n\n<hr class=\"wp-block-separator has-alpha-channel-opacity\"\/>\n\n\n\n<h2 class=\"wp-block-heading\">NOV\/DEC 2025<\/h2>\n\n\n\n<p>02 novembre &#8211; 11h00 \u00e0 15h00: <strong><a href=\"https:\/\/lelabo.ca\/fr\/talk-et-atelier-realite-augmentee-maxime-touroute\/\">Talk et atelier r\u00e9alit\u00e9 augment\u00e9e | Consulat France, OCAD<\/a><\/strong> Maxime Touroute <strong> <\/strong>| <em>Studio 277 du Labo<\/em><\/p>\n\n\n\n<p>05 novembre&nbsp;18h: <strong>AGA du Labo hybride et pr\u00e9sentation de la micro-biblioth\u00e8que <\/strong>| <em>Studio 277 du Labo<\/em><\/p>\n\n\n\n<p>13 novembre 18h: <strong><a href=\"https:\/\/lelabo.ca\/fr\/quartier-librre-veillee-de-lecture-et-micro-bibliotheque\/\">QUARTIER LI\u25b3\u25b3RE veill\u00e9e | micro-biblioth\u00e8que<\/a> | <\/strong>En partenariat avec Cin\u00e9franco (7 au 16 nov)<strong> <\/strong>| <em>Studio 277 du Labo<\/em><\/p>\n\n\n\n<p>27 novembre 17h-19h: <strong><a href=\"https:\/\/401richmond.com\/event\/holiday-open-house-2\/\"><em>Holiday Open House<\/em> du 401 Richmond<\/a> <\/strong>| <em>Studio 277 du Labo<\/em><\/p>\n\n\n\n<p>3 d\u00e9cembre 18h-21h: <a href=\"https:\/\/lelabo.ca\/fr\/cabinet-de-curiosites-encan-et-expo-des-membres-2025\/\"><strong>Encan et expo des membres<\/strong>, <strong>Cabinet de curiosit\u00e9s<\/strong><\/a><strong> <\/strong>| <em>Studio 277 du Labo<\/em><\/p>\n\n\n\n<p>10 d\u00e9cembre 18h: <strong><a href=\"https:\/\/lelabo.ca\/fr\/flanerie-au-image-centre-avec-gaelle-morel\/\">Fl\u00e2nerie au Image Centre<\/a><\/strong> | <em>Avec Ga\u00eblle Morel<\/em><\/p>\n\n\n\n<hr class=\"wp-block-separator has-alpha-channel-opacity\"\/>\n\n\n\n<h2 class=\"wp-block-heading\">JAN\/FEV 2026<\/h2>\n\n\n\n<p>17 au 31 janvier: <strong><a href=\"https:\/\/lelabo.ca\/fr\/permanence-hivernale-saison-2\/\">Soutien artistique | Permanence hivernale<\/a><\/strong>, Lancement de publication, journ\u00e9e IA, garage sale, pratique \u00e9coresponsables, etc.<strong> <\/strong>| <em>Studio 277 du Labo<\/em><\/p>\n\n\n\n<p>26 f\u00e9vrier 19h30: <strong><a href=\"https:\/\/lelabo.ca\/fr\/murielle-jassinthe-au-quartier-libre\/\">QUARTIER LI\u25b3\u25b3RE veill\u00e9e | micro-biblioth\u00e8que<\/a><\/strong>, avec Murielle Jacinthe | <em>Le Centre d\u2019accueil H\u00e9ritage (CAH)<\/em><\/p>\n\n\n\n<p>28 f\u00e9vrier 8h00 \u00e0 12h00: <strong><a href=\"https:\/\/lelabo.ca\/fr\/murielle-jassinthe-au-quartier-libre\/\">Atelier d\u2019\u00e9criture | Salon du Livre de Toronto<\/a> <\/strong>avec Murielle Jacinthe | <em>Salon du Livre de Toronto, Universit\u00e9 de l\u2019Ontario fran\u00e7ais<\/em><\/p>\n\n\n\n<hr class=\"wp-block-separator has-alpha-channel-opacity\"\/>\n\n\n\n<h2 class=\"wp-block-heading\">MAR\/AVR 2026<\/h2>\n\n\n\n<p>13-14 mars: <strong><a href=\"https:\/\/lelabo.ca\/fr\/weekend-ecoresponsable-au-labo\/\">Weekend \u00c9coresponsable au Labo<\/a><\/strong> | Kirsty Robertson, Tania Love | <em>Studio 277 du Labo<\/em><\/p>\n\n\n\n<p>27 mars: <strong><a href=\"https:\/\/lelabo.ca\/fr\/flanerie-au-artist-project-2026\/\">Fl\u00e2nerie \u00e0 Artist Project<\/a> <\/strong>| <em>Enercare Centre<\/em><\/p>\n\n\n\n<p>12 avril: <strong><a href=\"https:\/\/lelabo.ca\/fr\/performance-anouk-verviers-we-felt-our-cells-tumble-cluster-and-creep\/\">Performance | Anouk Verviers : \u00ab we felt our cells tumble, cluster, and creep \u00bb<\/a><\/strong><\/p>\n\n\n\n<hr class=\"wp-block-separator has-alpha-channel-opacity\"\/>\n\n\n\n<h2 class=\"wp-block-heading\"><strong>MAI\/JUIN 2026<\/strong><\/h2>\n\n\n\n<p>02 mai: <a href=\"https:\/\/www.janeswalkfestivalto.com\/saturday-may-2-2026-1\/fl%C3%A2nerie-sur-le-fa%C3%A7adisme\"><strong>Fl\u00e2nerie sur le fa\u00e7adisme<\/strong>, En partenariat avec Soci\u00e9t\u00e9 d&rsquo;histoire de Toronto &amp; Jane Festival<\/a><\/p>\n\n\n\n<p>12 mai au 16 mai: <strong>Hors-les-murs | Installation \u00e0 la FAAS 8<\/strong> Artiste TBD<strong> <\/strong>| <em>Galerie du Nouvel Ontario, Sudbury<\/em><\/p>\n\n\n\n<p>28 mai au 2 juillet: Exposition \u201c<strong>\u00ab\u00a0The Yabi.Deh Project,\u00a0\u00bb<\/strong> Jean-Pierre Mot<strong> <\/strong>| <em>Studio 277 du Labo<\/em><\/p>\n\n\n\n<hr class=\"wp-block-separator has-alpha-channel-opacity\"\/>\n\n\n\n<h2 class=\"wp-block-heading\"><strong>JUILLET 2026<\/strong><\/h2>\n\n\n\n<p>11 juillet: <strong>Fl\u00e2nerie \u00e0 la TOAF<\/strong> Avec Dyana Ouvrard<strong> <\/strong>| <em>RDV au Nathan Phillips Square<\/em><\/p>\n\n\n\n<hr class=\"wp-block-separator has-alpha-channel-opacity\"\/>\n\n\n\n<h2 class=\"wp-block-heading\"><strong>Sans oublier<\/strong>:<\/h2>\n\n\n\n<p>15 au 25 septembre: <strong><a href=\"https:\/\/www.instagram.com\/reel\/DPACLPXkodu\/?utm_source=ig_web_copy_link&amp;igsh=MzRlODBiNWFlZA==\">Le Cercle *10 | Karen Vanderboght aka ImageFatale<\/a><\/strong><br><br>22 au 28 septembre: <a href=\"https:\/\/www.instagram.com\/p\/DO6RiBtkX8V\/?utm_source=ig_web_copy_link&amp;igsh=MzRlODBiNWFlZA==\"><strong>R\u00e9sidence crois\u00e9e<\/strong> direction de la photographie<\/a> Les Perc\u00e9\u00efdes, avec Emma Boudaud et Eduardo Vasquez | <em>Perc\u00e9, Qu\u00e9bec<\/em><\/p>\n\n\n\n<p>15 novembre: <strong>Atelier jeunesse premier court-m\u00e9trage<\/strong> avec Sophie Dumesny | <em>Lyc\u00e9e Fran\u00e7ais de Toronto<\/em><\/p>\n\n\n\n<p>22 &amp; 23 novembre: <strong>Micro-camp jeunesse photographie<\/strong> avec Pascaline Le Bras | <em>Studio 277 du Labo<\/em><br><br>02 mars au 11 mars: <strong>Le Cercle *11<\/strong> avec Sophie Dumesny<\/p>\n\n\n\n<p>16 mars au 22 mars: <strong>Camp jeunesse photographie<\/strong> avec Pascaline Le Bras | <em>Alliance fran\u00e7aise de Toronto<\/em><br><br>13 au 22 avril: <strong>Le Cercle *12<\/strong>, Artiste TBD | <em>Studio 277 du Labo<\/em><\/p>\n\n\n\n<hr class=\"wp-block-separator has-css-opacity\"\/>\n\n\n\n<figure class=\"wp-block-image size-large\"><img loading=\"lazy\" decoding=\"async\" width=\"1024\" height=\"178\" src=\"https:\/\/lelabo.ca\/fr\/wp-content\/uploads\/sites\/2\/2025\/09\/SITE-WEB_LOGOS-1-1024x178.png\" alt=\"\" class=\"wp-image-16689\" srcset=\"https:\/\/lelabo.ca\/fr\/wp-content\/uploads\/sites\/2\/2025\/09\/SITE-WEB_LOGOS-1-1024x178.png 1024w, https:\/\/lelabo.ca\/fr\/wp-content\/uploads\/sites\/2\/2025\/09\/SITE-WEB_LOGOS-1-300x52.png 300w, https:\/\/lelabo.ca\/fr\/wp-content\/uploads\/sites\/2\/2025\/09\/SITE-WEB_LOGOS-1-768x134.png 768w, https:\/\/lelabo.ca\/fr\/wp-content\/uploads\/sites\/2\/2025\/09\/SITE-WEB_LOGOS-1.png 1536w\" sizes=\"auto, (max-width: 1024px) 100vw, 1024px\" \/><\/figure>\n","protected":false},"excerpt":{"rendered":"<p>DE LA JACH\u00c8RE AU \u00ab\u00a0MICRO\u00ab\u00a0 : UN PREMIER CHAPITRE DE TRANSITION Non, la jach\u00e8re n\u2019est pas encore tout \u00e0 fait termin\u00e9e. Depuis trois ans en \u00e9quipe, on observe avec soin les petites pousses laiss\u00e9es par les artistes qui ont travers\u00e9<\/p>\n","protected":false},"author":2,"featured_media":0,"comment_status":"closed","ping_status":"closed","sticky":false,"template":"","format":"standard","meta":{"footnotes":""},"categories":[1],"tags":[],"class_list":["post-16648","post","type-post","status-publish","format-standard","hentry","category-uncategorized"],"yoast_head":"<!-- This site is optimized with the Yoast SEO plugin v24.9 - https:\/\/yoast.com\/wordpress\/plugins\/seo\/ -->\n<title>Saison 2025-2026 - Le Labo FR<\/title>\n<meta name=\"robots\" content=\"index, follow, max-snippet:-1, max-image-preview:large, max-video-preview:-1\" \/>\n<link rel=\"canonical\" href=\"https:\/\/lelabo.ca\/fr\/saison-2025-2026\/\" \/>\n<meta property=\"og:locale\" content=\"fr_FR\" \/>\n<meta property=\"og:type\" content=\"article\" \/>\n<meta property=\"og:title\" content=\"Saison 2025-2026 - Le Labo FR\" \/>\n<meta property=\"og:description\" content=\"DE LA JACH\u00c8RE AU \u00ab\u00a0MICRO\u00ab\u00a0 : UN PREMIER CHAPITRE DE TRANSITION Non, la jach\u00e8re n\u2019est pas encore tout \u00e0 fait termin\u00e9e. Depuis trois ans en \u00e9quipe, on observe avec soin les petites pousses laiss\u00e9es par les artistes qui ont travers\u00e9\" \/>\n<meta property=\"og:url\" content=\"https:\/\/lelabo.ca\/fr\/saison-2025-2026\/\" \/>\n<meta property=\"og:site_name\" content=\"Le Labo FR\" \/>\n<meta property=\"article:published_time\" content=\"2025-09-25T21:21:12+00:00\" \/>\n<meta property=\"article:modified_time\" content=\"2026-05-01T20:06:37+00:00\" \/>\n<meta property=\"og:image\" content=\"https:\/\/lelabo.ca\/fr\/wp-content\/uploads\/sites\/2\/2025\/09\/SITE-WEB_Illustrations_1200-x-368-1200-x-468-px-1-4.png\" \/>\n\t<meta property=\"og:image:width\" content=\"1200\" \/>\n\t<meta property=\"og:image:height\" content=\"368\" \/>\n\t<meta property=\"og:image:type\" content=\"image\/png\" \/>\n<meta name=\"author\" content=\"Le Labo\" \/>\n<meta name=\"twitter:card\" content=\"summary_large_image\" \/>\n<meta name=\"twitter:label1\" content=\"\u00c9crit par\" \/>\n\t<meta name=\"twitter:data1\" content=\"Le Labo\" \/>\n\t<meta name=\"twitter:label2\" content=\"Dur\u00e9e de lecture estim\u00e9e\" \/>\n\t<meta name=\"twitter:data2\" content=\"3 minutes\" \/>\n<script type=\"application\/ld+json\" class=\"yoast-schema-graph\">{\"@context\":\"https:\/\/schema.org\",\"@graph\":[{\"@type\":\"WebPage\",\"@id\":\"https:\/\/lelabo.ca\/fr\/saison-2025-2026\/\",\"url\":\"https:\/\/lelabo.ca\/fr\/saison-2025-2026\/\",\"name\":\"Saison 2025-2026 - Le Labo FR\",\"isPartOf\":{\"@id\":\"https:\/\/lelabo.ca\/fr\/#website\"},\"primaryImageOfPage\":{\"@id\":\"https:\/\/lelabo.ca\/fr\/saison-2025-2026\/#primaryimage\"},\"image\":{\"@id\":\"https:\/\/lelabo.ca\/fr\/saison-2025-2026\/#primaryimage\"},\"thumbnailUrl\":\"https:\/\/lelabo.ca\/fr\/wp-content\/uploads\/sites\/2\/2025\/09\/SITE-WEB_Illustrations_1200-x-368-1200-x-468-px-1-4-1024x314.png\",\"datePublished\":\"2025-09-25T21:21:12+00:00\",\"dateModified\":\"2026-05-01T20:06:37+00:00\",\"author\":{\"@id\":\"https:\/\/lelabo.ca\/fr\/#\/schema\/person\/7edfb4726367f54e3791ef5de3dc4ee9\"},\"breadcrumb\":{\"@id\":\"https:\/\/lelabo.ca\/fr\/saison-2025-2026\/#breadcrumb\"},\"inLanguage\":\"fr-FR\",\"potentialAction\":[{\"@type\":\"ReadAction\",\"target\":[\"https:\/\/lelabo.ca\/fr\/saison-2025-2026\/\"]}]},{\"@type\":\"ImageObject\",\"inLanguage\":\"fr-FR\",\"@id\":\"https:\/\/lelabo.ca\/fr\/saison-2025-2026\/#primaryimage\",\"url\":\"https:\/\/lelabo.ca\/fr\/wp-content\/uploads\/sites\/2\/2025\/09\/SITE-WEB_Illustrations_1200-x-368-1200-x-468-px-1-4.png\",\"contentUrl\":\"https:\/\/lelabo.ca\/fr\/wp-content\/uploads\/sites\/2\/2025\/09\/SITE-WEB_Illustrations_1200-x-368-1200-x-468-px-1-4.png\",\"width\":1200,\"height\":368},{\"@type\":\"BreadcrumbList\",\"@id\":\"https:\/\/lelabo.ca\/fr\/saison-2025-2026\/#breadcrumb\",\"itemListElement\":[{\"@type\":\"ListItem\",\"position\":1,\"name\":\"Accueil\",\"item\":\"https:\/\/lelabo.ca\/fr\/\"},{\"@type\":\"ListItem\",\"position\":2,\"name\":\"Saison 2025-2026\"}]},{\"@type\":\"WebSite\",\"@id\":\"https:\/\/lelabo.ca\/fr\/#website\",\"url\":\"https:\/\/lelabo.ca\/fr\/\",\"name\":\"Le Labo FR\",\"description\":\"\",\"potentialAction\":[{\"@type\":\"SearchAction\",\"target\":{\"@type\":\"EntryPoint\",\"urlTemplate\":\"https:\/\/lelabo.ca\/fr\/?s={search_term_string}\"},\"query-input\":{\"@type\":\"PropertyValueSpecification\",\"valueRequired\":true,\"valueName\":\"search_term_string\"}}],\"inLanguage\":\"fr-FR\"},{\"@type\":\"Person\",\"@id\":\"https:\/\/lelabo.ca\/fr\/#\/schema\/person\/7edfb4726367f54e3791ef5de3dc4ee9\",\"name\":\"Le Labo\",\"url\":\"https:\/\/lelabo.ca\/fr\/author\/carolina\/\"}]}<\/script>\n<!-- \/ Yoast SEO plugin. -->","yoast_head_json":{"title":"Saison 2025-2026 - Le Labo FR","robots":{"index":"index","follow":"follow","max-snippet":"max-snippet:-1","max-image-preview":"max-image-preview:large","max-video-preview":"max-video-preview:-1"},"canonical":"https:\/\/lelabo.ca\/fr\/saison-2025-2026\/","og_locale":"fr_FR","og_type":"article","og_title":"Saison 2025-2026 - Le Labo FR","og_description":"DE LA JACH\u00c8RE AU \u00ab\u00a0MICRO\u00ab\u00a0 : UN PREMIER CHAPITRE DE TRANSITION Non, la jach\u00e8re n\u2019est pas encore tout \u00e0 fait termin\u00e9e. Depuis trois ans en \u00e9quipe, on observe avec soin les petites pousses laiss\u00e9es par les artistes qui ont travers\u00e9","og_url":"https:\/\/lelabo.ca\/fr\/saison-2025-2026\/","og_site_name":"Le Labo FR","article_published_time":"2025-09-25T21:21:12+00:00","article_modified_time":"2026-05-01T20:06:37+00:00","og_image":[{"width":1200,"height":368,"url":"https:\/\/lelabo.ca\/fr\/wp-content\/uploads\/sites\/2\/2025\/09\/SITE-WEB_Illustrations_1200-x-368-1200-x-468-px-1-4.png","type":"image\/png"}],"author":"Le Labo","twitter_card":"summary_large_image","twitter_misc":{"\u00c9crit par":"Le Labo","Dur\u00e9e de lecture estim\u00e9e":"3 minutes"},"schema":{"@context":"https:\/\/schema.org","@graph":[{"@type":"WebPage","@id":"https:\/\/lelabo.ca\/fr\/saison-2025-2026\/","url":"https:\/\/lelabo.ca\/fr\/saison-2025-2026\/","name":"Saison 2025-2026 - Le Labo FR","isPartOf":{"@id":"https:\/\/lelabo.ca\/fr\/#website"},"primaryImageOfPage":{"@id":"https:\/\/lelabo.ca\/fr\/saison-2025-2026\/#primaryimage"},"image":{"@id":"https:\/\/lelabo.ca\/fr\/saison-2025-2026\/#primaryimage"},"thumbnailUrl":"https:\/\/lelabo.ca\/fr\/wp-content\/uploads\/sites\/2\/2025\/09\/SITE-WEB_Illustrations_1200-x-368-1200-x-468-px-1-4-1024x314.png","datePublished":"2025-09-25T21:21:12+00:00","dateModified":"2026-05-01T20:06:37+00:00","author":{"@id":"https:\/\/lelabo.ca\/fr\/#\/schema\/person\/7edfb4726367f54e3791ef5de3dc4ee9"},"breadcrumb":{"@id":"https:\/\/lelabo.ca\/fr\/saison-2025-2026\/#breadcrumb"},"inLanguage":"fr-FR","potentialAction":[{"@type":"ReadAction","target":["https:\/\/lelabo.ca\/fr\/saison-2025-2026\/"]}]},{"@type":"ImageObject","inLanguage":"fr-FR","@id":"https:\/\/lelabo.ca\/fr\/saison-2025-2026\/#primaryimage","url":"https:\/\/lelabo.ca\/fr\/wp-content\/uploads\/sites\/2\/2025\/09\/SITE-WEB_Illustrations_1200-x-368-1200-x-468-px-1-4.png","contentUrl":"https:\/\/lelabo.ca\/fr\/wp-content\/uploads\/sites\/2\/2025\/09\/SITE-WEB_Illustrations_1200-x-368-1200-x-468-px-1-4.png","width":1200,"height":368},{"@type":"BreadcrumbList","@id":"https:\/\/lelabo.ca\/fr\/saison-2025-2026\/#breadcrumb","itemListElement":[{"@type":"ListItem","position":1,"name":"Accueil","item":"https:\/\/lelabo.ca\/fr\/"},{"@type":"ListItem","position":2,"name":"Saison 2025-2026"}]},{"@type":"WebSite","@id":"https:\/\/lelabo.ca\/fr\/#website","url":"https:\/\/lelabo.ca\/fr\/","name":"Le Labo FR","description":"","potentialAction":[{"@type":"SearchAction","target":{"@type":"EntryPoint","urlTemplate":"https:\/\/lelabo.ca\/fr\/?s={search_term_string}"},"query-input":{"@type":"PropertyValueSpecification","valueRequired":true,"valueName":"search_term_string"}}],"inLanguage":"fr-FR"},{"@type":"Person","@id":"https:\/\/lelabo.ca\/fr\/#\/schema\/person\/7edfb4726367f54e3791ef5de3dc4ee9","name":"Le Labo","url":"https:\/\/lelabo.ca\/fr\/author\/carolina\/"}]}},"_links":{"self":[{"href":"https:\/\/lelabo.ca\/fr\/wp-json\/wp\/v2\/posts\/16648","targetHints":{"allow":["GET"]}}],"collection":[{"href":"https:\/\/lelabo.ca\/fr\/wp-json\/wp\/v2\/posts"}],"about":[{"href":"https:\/\/lelabo.ca\/fr\/wp-json\/wp\/v2\/types\/post"}],"author":[{"embeddable":true,"href":"https:\/\/lelabo.ca\/fr\/wp-json\/wp\/v2\/users\/2"}],"replies":[{"embeddable":true,"href":"https:\/\/lelabo.ca\/fr\/wp-json\/wp\/v2\/comments?post=16648"}],"version-history":[{"count":40,"href":"https:\/\/lelabo.ca\/fr\/wp-json\/wp\/v2\/posts\/16648\/revisions"}],"predecessor-version":[{"id":17226,"href":"https:\/\/lelabo.ca\/fr\/wp-json\/wp\/v2\/posts\/16648\/revisions\/17226"}],"wp:attachment":[{"href":"https:\/\/lelabo.ca\/fr\/wp-json\/wp\/v2\/media?parent=16648"}],"wp:term":[{"taxonomy":"category","embeddable":true,"href":"https:\/\/lelabo.ca\/fr\/wp-json\/wp\/v2\/categories?post=16648"},{"taxonomy":"post_tag","embeddable":true,"href":"https:\/\/lelabo.ca\/fr\/wp-json\/wp\/v2\/tags?post=16648"}],"curies":[{"name":"wp","href":"https:\/\/api.w.org\/{rel}","templated":true}]}}