{"id":17212,"date":"2026-04-04T23:01:14","date_gmt":"2026-04-04T23:01:14","guid":{"rendered":"https:\/\/lelabo.ca\/fr\/?p=17212"},"modified":"2026-04-04T23:09:00","modified_gmt":"2026-04-04T23:09:00","slug":"performance-anouk-verviers-we-felt-our-cells-tumble-cluster-and-creep","status":"publish","type":"post","link":"https:\/\/lelabo.ca\/fr\/performance-anouk-verviers-we-felt-our-cells-tumble-cluster-and-creep\/","title":{"rendered":"Performance | Anouk Verviers : \u00ab we felt our cells tumble, cluster, and creep \u00bb"},"content":{"rendered":"\n<p class=\"has-white-color has-text-color has-background has-link-color wp-elements-26f00b5676be23fce8ecfbf3bcb10008\" style=\"background:linear-gradient(135deg,rgb(0,0,0) 17%,rgb(252,220,52) 100%)\"><strong><strong>Le Labo, studio #277, 401 Richmond Street West, Toronto<br>Dimanche 12 avril 2026, 13h00 \u2013 14h00<\/strong><\/strong><\/p>\n\n\n\n<p class=\"has-white-color has-text-color has-background has-link-color wp-elements-502ea1a95d4858b50aada0dcbedc00dc\" style=\"background:linear-gradient(135deg,rgb(0,0,0) 17%,rgb(252,220,52) 100%)\"><strong><strong><a href=\"https:\/\/imagesfestival.com\/events\/we-felt-our-cells-tumble-cluster-and-creep\">Reservez vos places ici<\/a><\/strong><\/strong><\/p>\n\n\n\n<figure class=\"wp-block-image size-full\"><img loading=\"lazy\" decoding=\"async\" width=\"1000\" height=\"524\" src=\"https:\/\/lelabo.ca\/fr\/wp-content\/uploads\/sites\/2\/2026\/04\/large_Verviers_Anouk_World_Was_Always_Full_Of_Us_still03_bb28b13454.jpg\" alt=\"\" class=\"wp-image-17215\" srcset=\"https:\/\/lelabo.ca\/fr\/wp-content\/uploads\/sites\/2\/2026\/04\/large_Verviers_Anouk_World_Was_Always_Full_Of_Us_still03_bb28b13454.jpg 1000w, https:\/\/lelabo.ca\/fr\/wp-content\/uploads\/sites\/2\/2026\/04\/large_Verviers_Anouk_World_Was_Always_Full_Of_Us_still03_bb28b13454-300x157.jpg 300w, https:\/\/lelabo.ca\/fr\/wp-content\/uploads\/sites\/2\/2026\/04\/large_Verviers_Anouk_World_Was_Always_Full_Of_Us_still03_bb28b13454-768x402.jpg 768w\" sizes=\"auto, (max-width: 1000px) 100vw, 1000px\" \/><\/figure>\n\n\n\n<h4 class=\"wp-block-heading\"><em>En partenariat avec le Images Festival<\/em><\/h4>\n\n\n\n<p>Le Labo a le plaisir d\u2019accueillir l\u2019artiste interdisciplinaire\u00a0<strong><span style=\"text-decoration: underline;\"><a href=\"https:\/\/www.anoukverviers.com\/\">Anouk Verviers<\/a><\/span><\/strong>\u00a0pour une performance exclusive intitul\u00e9e\u00a0\u00ab we felt our cells tumble, cluster, and creep \u00bb. Pr\u00e9sent\u00e9 dans le cadre de la programmation du\u00a0<a href=\"https:\/\/imagesfestival.com\/\"><strong>Images Festival<\/strong><\/a>, cet \u00e9v\u00e9nement marque une rencontre significative entre nos deux communaut\u00e9s artistiques.<\/p>\n\n\n\n<h3 class=\"wp-block-heading\">Une exploration du soin et de la r\u00e9sistance<\/h3>\n\n\n\n<p>En \u00e9cho \u00e0 son film r\u00e9cent&nbsp;<em>The world was always full of us<\/em>, Anouk Verviers propose une nouvelle \u0153uvre performative qui plonge au c\u0153ur de l\u2019exp\u00e9rience des corps f\u00e9minins et non binaires. L\u2019artiste y explore la notion d\u2019\u00e9puisement, non pas comme une fin en soi, mais comme un point de d\u00e9part pour imaginer de nouvelles pratiques de&nbsp;soin, de&nbsp;parent\u00e9&nbsp;et de&nbsp;r\u00e9sistance.<\/p>\n\n\n\n<p>\u00c0 travers une approche exp\u00e9rimentale et collaborative, Anouk Verviers d\u00e9fie les syst\u00e8mes de pouvoir \u00e9tablis et les diagnostics m\u00e9dicaux traditionnels, notamment autour de l\u2019endom\u00e9triose. Sa pratique, qui oscille entre le film, la performance et l\u2019installation, invite le public \u00e0 ressentir une solidarit\u00e9 profonde et \u00e0 envisager des futurs o\u00f9 la douleur est transform\u00e9e en force collective.<\/p>\n\n\n\n<p>La s\u00e9ance de 30 minutes sera suivie d\u2019une conversation avec l\u2019artiste, offrant au public l\u2019opportunit\u00e9 d\u2019approfondir les th\u00e8mes de l\u2019\u0153uvre et d\u2019\u00e9changer sur les processus de cr\u00e9ation engag\u00e9s.<\/p>\n\n\n\n<h3 class=\"wp-block-heading\">Informations pratiques<\/h3>\n\n\n\n<ul class=\"wp-block-list\">\n<li>Entr\u00e9e :\u00a0<strong><a href=\"https:\/\/imagesfestival.com\/events\/we-felt-our-cells-tumble-cluster-and-creep\">Billetterie via Images Festival<\/a><\/strong> ou sur place selon disponibilit\u00e9. Gratuit pour les membres du Labo (demandez-nous le code promo: <strong><span style=\"text-decoration: underline;\">info@lelabo.ca<\/span><\/strong>). <\/li>\n<\/ul>\n\n\n\n<p>Rejoignez-nous pour ce moment unique de partage artistique et de r\u00e9flexion collective au c\u0153ur du printemps torontois. <\/p>\n\n\n\n<hr class=\"wp-block-separator has-css-opacity\"\/>\n\n\n\n<h3 class=\"wp-block-heading\"><a href=\"https:\/\/www.anoukverviers.com\/\">Anouk Verviers<\/a><\/h3>\n\n\n\n<div class=\"wp-block-columns is-layout-flex wp-container-core-columns-is-layout-9d6595d7 wp-block-columns-is-layout-flex\">\n<div class=\"wp-block-column is-layout-flow wp-block-column-is-layout-flow\" style=\"flex-basis:33.33%\">\n<figure class=\"wp-block-image size-large\"><img decoding=\"async\" src=\"https:\/\/momentabiennale.com\/wp-content\/uploads\/2025\/04\/momenta-biennale-anouk-verviers-1-1200x800.jpg?ver=4.1.29\"\/><\/figure>\n<\/div>\n\n\n\n<div class=\"wp-block-column is-layout-flow wp-block-column-is-layout-flow\" style=\"flex-basis:66.67%\">\n<p>Anouk Verviers\u00a0est une artiste interdisciplinaire, performeuse et chercheuse dont la pratique est socialement et \u00e9cologiquement engag\u00e9e. Bas\u00e9e entre Tiohti\u00e0:ke\/Mooniyang\/Montr\u00e9al et Londres, elle d\u00e9veloppe des projets collaboratifs sous forme de films, vid\u00e9os, performances et installations. Son travail se distingue par une approche fluide qui remet en question les normes impos\u00e9es par les syst\u00e8mes de pouvoir, cherchant toujours \u00e0 cr\u00e9er des espaces de dialogue et de transformation. <\/p>\n<\/div>\n<\/div>\n\n\n\n<hr class=\"wp-block-separator has-alpha-channel-opacity\"\/>\n\n\n\n<h3 class=\"wp-block-heading\"><a href=\"https:\/\/tanialove.com\/\">Images Festival<\/a><\/h3>\n\n\n\n<div class=\"wp-block-columns is-layout-flex wp-container-core-columns-is-layout-9d6595d7 wp-block-columns-is-layout-flex\">\n<div class=\"wp-block-column is-layout-flow wp-block-column-is-layout-flow\" style=\"flex-basis:33.33%\">\n<figure class=\"wp-block-image size-full is-resized\"><img loading=\"lazy\" decoding=\"async\" width=\"1231\" height=\"1534\" src=\"https:\/\/lelabo.ca\/fr\/wp-content\/uploads\/sites\/2\/2026\/04\/Screenshot-2026-04-04-185421.png\" alt=\"\" class=\"wp-image-17216\" style=\"width:229px;height:auto\" srcset=\"https:\/\/lelabo.ca\/fr\/wp-content\/uploads\/sites\/2\/2026\/04\/Screenshot-2026-04-04-185421.png 1231w, https:\/\/lelabo.ca\/fr\/wp-content\/uploads\/sites\/2\/2026\/04\/Screenshot-2026-04-04-185421-241x300.png 241w, https:\/\/lelabo.ca\/fr\/wp-content\/uploads\/sites\/2\/2026\/04\/Screenshot-2026-04-04-185421-822x1024.png 822w, https:\/\/lelabo.ca\/fr\/wp-content\/uploads\/sites\/2\/2026\/04\/Screenshot-2026-04-04-185421-768x957.png 768w\" sizes=\"auto, (max-width: 1231px) 100vw, 1231px\" \/><\/figure>\n<\/div>\n\n\n\n<div class=\"wp-block-column is-layout-flow wp-block-column-is-layout-flow\" style=\"flex-basis:66.66%\">\n<p>Images Festival est un festival \u00e0 but non lucratif, dirig\u00e9 par des artistes, d\u00e9di\u00e9 au cin\u00e9ma exp\u00e9rimental, aux arts m\u00e9diatiques, \u00e0 l&rsquo;art contemporain et aux espaces o\u00f9 ces formes coexistent. Sa programmation interroge les conditions de la culture contemporaine de l&rsquo;image en mouvement et offre une plateforme aux artistes, cin\u00e9astes, commissaires d&rsquo;exposition et autres professionnels pour explorer des pratiques exp\u00e9rimentales, tant sur le fond que sur la forme. Sa misson: Cultiver une culture durable de l&rsquo;image en mouvement exp\u00e9rimentale \u00e0 Tk\u00e1ron:to\/Toronto et dans nos communaut\u00e9s \u00e0 travers le monde. <\/p>\n<\/div>\n<\/div>\n","protected":false},"excerpt":{"rendered":"<p>Le Labo a le plaisir d\u2019accueillir l\u2019artiste interdisciplinaire\u00a0Anouk Verviers\u00a0pour une performance exclusive intitul\u00e9e\u00a0\u00ab we felt our cells tumble, cluster, and creep \u00bb. Pr\u00e9sent\u00e9 dans le cadre de la programmation du\u00a0Images Festival, cet \u00e9v\u00e9nement marque une rencontre significative entre nos deux communaut\u00e9s artistiques.<\/p>\n<p>Le Labo, studio #277, 401 Richmond Street West, Toronto<br \/>\nDimanche 12 avril 2026, 13h00 \u2013 14h00<\/p>\n","protected":false},"author":2,"featured_media":17215,"comment_status":"closed","ping_status":"closed","sticky":false,"template":"","format":"standard","meta":{"footnotes":""},"categories":[74],"tags":[],"class_list":["post-17212","post","type-post","status-publish","format-standard","has-post-thumbnail","hentry","category-a-venir"],"yoast_head":"<!-- This site is optimized with the Yoast SEO plugin v24.9 - https:\/\/yoast.com\/wordpress\/plugins\/seo\/ -->\n<title>Performance | Anouk Verviers : \u00ab we felt our cells tumble, cluster, and creep \u00bb - Le Labo FR<\/title>\n<meta name=\"robots\" content=\"index, follow, max-snippet:-1, max-image-preview:large, max-video-preview:-1\" \/>\n<link rel=\"canonical\" href=\"https:\/\/lelabo.ca\/fr\/performance-anouk-verviers-we-felt-our-cells-tumble-cluster-and-creep\/\" \/>\n<meta property=\"og:locale\" content=\"fr_FR\" \/>\n<meta property=\"og:type\" content=\"article\" \/>\n<meta property=\"og:title\" content=\"Performance | Anouk Verviers : \u00ab we felt our cells tumble, cluster, and creep \u00bb - Le Labo FR\" \/>\n<meta property=\"og:description\" content=\"Le Labo a le plaisir d\u2019accueillir l\u2019artiste interdisciplinaire\u00a0Anouk Verviers\u00a0pour une performance exclusive intitul\u00e9e\u00a0\u00ab we felt our cells tumble, cluster, and creep \u00bb. Pr\u00e9sent\u00e9 dans le cadre de la programmation du\u00a0Images Festival, cet \u00e9v\u00e9nement marque une rencontre significative entre nos deux communaut\u00e9s artistiques. Le Labo, studio #277, 401 Richmond Street West, Toronto Dimanche 12 avril 2026, 13h00 \u2013 14h00\" \/>\n<meta property=\"og:url\" content=\"https:\/\/lelabo.ca\/fr\/performance-anouk-verviers-we-felt-our-cells-tumble-cluster-and-creep\/\" \/>\n<meta property=\"og:site_name\" content=\"Le Labo FR\" \/>\n<meta property=\"article:published_time\" content=\"2026-04-04T23:01:14+00:00\" \/>\n<meta property=\"article:modified_time\" content=\"2026-04-04T23:09:00+00:00\" \/>\n<meta property=\"og:image\" content=\"https:\/\/lelabo.ca\/fr\/wp-content\/uploads\/sites\/2\/2026\/04\/large_Verviers_Anouk_World_Was_Always_Full_Of_Us_still03_bb28b13454.jpg\" \/>\n\t<meta property=\"og:image:width\" content=\"1000\" \/>\n\t<meta property=\"og:image:height\" content=\"524\" \/>\n\t<meta property=\"og:image:type\" content=\"image\/jpeg\" \/>\n<meta name=\"author\" content=\"Le Labo\" \/>\n<meta name=\"twitter:card\" content=\"summary_large_image\" \/>\n<meta name=\"twitter:label1\" content=\"\u00c9crit par\" \/>\n\t<meta name=\"twitter:data1\" content=\"Le Labo\" \/>\n\t<meta name=\"twitter:label2\" content=\"Dur\u00e9e de lecture estim\u00e9e\" \/>\n\t<meta name=\"twitter:data2\" content=\"3 minutes\" \/>\n<script type=\"application\/ld+json\" class=\"yoast-schema-graph\">{\"@context\":\"https:\/\/schema.org\",\"@graph\":[{\"@type\":\"WebPage\",\"@id\":\"https:\/\/lelabo.ca\/fr\/performance-anouk-verviers-we-felt-our-cells-tumble-cluster-and-creep\/\",\"url\":\"https:\/\/lelabo.ca\/fr\/performance-anouk-verviers-we-felt-our-cells-tumble-cluster-and-creep\/\",\"name\":\"Performance | Anouk Verviers : \u00ab we felt our cells tumble, cluster, and creep \u00bb - Le Labo FR\",\"isPartOf\":{\"@id\":\"https:\/\/lelabo.ca\/fr\/#website\"},\"primaryImageOfPage\":{\"@id\":\"https:\/\/lelabo.ca\/fr\/performance-anouk-verviers-we-felt-our-cells-tumble-cluster-and-creep\/#primaryimage\"},\"image\":{\"@id\":\"https:\/\/lelabo.ca\/fr\/performance-anouk-verviers-we-felt-our-cells-tumble-cluster-and-creep\/#primaryimage\"},\"thumbnailUrl\":\"https:\/\/lelabo.ca\/fr\/wp-content\/uploads\/sites\/2\/2026\/04\/large_Verviers_Anouk_World_Was_Always_Full_Of_Us_still03_bb28b13454.jpg\",\"datePublished\":\"2026-04-04T23:01:14+00:00\",\"dateModified\":\"2026-04-04T23:09:00+00:00\",\"author\":{\"@id\":\"https:\/\/lelabo.ca\/fr\/#\/schema\/person\/7edfb4726367f54e3791ef5de3dc4ee9\"},\"breadcrumb\":{\"@id\":\"https:\/\/lelabo.ca\/fr\/performance-anouk-verviers-we-felt-our-cells-tumble-cluster-and-creep\/#breadcrumb\"},\"inLanguage\":\"fr-FR\",\"potentialAction\":[{\"@type\":\"ReadAction\",\"target\":[\"https:\/\/lelabo.ca\/fr\/performance-anouk-verviers-we-felt-our-cells-tumble-cluster-and-creep\/\"]}]},{\"@type\":\"ImageObject\",\"inLanguage\":\"fr-FR\",\"@id\":\"https:\/\/lelabo.ca\/fr\/performance-anouk-verviers-we-felt-our-cells-tumble-cluster-and-creep\/#primaryimage\",\"url\":\"https:\/\/lelabo.ca\/fr\/wp-content\/uploads\/sites\/2\/2026\/04\/large_Verviers_Anouk_World_Was_Always_Full_Of_Us_still03_bb28b13454.jpg\",\"contentUrl\":\"https:\/\/lelabo.ca\/fr\/wp-content\/uploads\/sites\/2\/2026\/04\/large_Verviers_Anouk_World_Was_Always_Full_Of_Us_still03_bb28b13454.jpg\",\"width\":1000,\"height\":524},{\"@type\":\"BreadcrumbList\",\"@id\":\"https:\/\/lelabo.ca\/fr\/performance-anouk-verviers-we-felt-our-cells-tumble-cluster-and-creep\/#breadcrumb\",\"itemListElement\":[{\"@type\":\"ListItem\",\"position\":1,\"name\":\"Accueil\",\"item\":\"https:\/\/lelabo.ca\/fr\/\"},{\"@type\":\"ListItem\",\"position\":2,\"name\":\"Performance | Anouk Verviers : \u00ab we felt our cells tumble, cluster, and creep \u00bb\"}]},{\"@type\":\"WebSite\",\"@id\":\"https:\/\/lelabo.ca\/fr\/#website\",\"url\":\"https:\/\/lelabo.ca\/fr\/\",\"name\":\"Le Labo FR\",\"description\":\"\",\"potentialAction\":[{\"@type\":\"SearchAction\",\"target\":{\"@type\":\"EntryPoint\",\"urlTemplate\":\"https:\/\/lelabo.ca\/fr\/?s={search_term_string}\"},\"query-input\":{\"@type\":\"PropertyValueSpecification\",\"valueRequired\":true,\"valueName\":\"search_term_string\"}}],\"inLanguage\":\"fr-FR\"},{\"@type\":\"Person\",\"@id\":\"https:\/\/lelabo.ca\/fr\/#\/schema\/person\/7edfb4726367f54e3791ef5de3dc4ee9\",\"name\":\"Le Labo\",\"url\":\"https:\/\/lelabo.ca\/fr\/author\/carolina\/\"}]}<\/script>\n<!-- \/ Yoast SEO plugin. -->","yoast_head_json":{"title":"Performance | Anouk Verviers : \u00ab we felt our cells tumble, cluster, and creep \u00bb - Le Labo FR","robots":{"index":"index","follow":"follow","max-snippet":"max-snippet:-1","max-image-preview":"max-image-preview:large","max-video-preview":"max-video-preview:-1"},"canonical":"https:\/\/lelabo.ca\/fr\/performance-anouk-verviers-we-felt-our-cells-tumble-cluster-and-creep\/","og_locale":"fr_FR","og_type":"article","og_title":"Performance | Anouk Verviers : \u00ab we felt our cells tumble, cluster, and creep \u00bb - Le Labo FR","og_description":"Le Labo a le plaisir d\u2019accueillir l\u2019artiste interdisciplinaire\u00a0Anouk Verviers\u00a0pour une performance exclusive intitul\u00e9e\u00a0\u00ab we felt our cells tumble, cluster, and creep \u00bb. Pr\u00e9sent\u00e9 dans le cadre de la programmation du\u00a0Images Festival, cet \u00e9v\u00e9nement marque une rencontre significative entre nos deux communaut\u00e9s artistiques. Le Labo, studio #277, 401 Richmond Street West, Toronto Dimanche 12 avril 2026, 13h00 \u2013 14h00","og_url":"https:\/\/lelabo.ca\/fr\/performance-anouk-verviers-we-felt-our-cells-tumble-cluster-and-creep\/","og_site_name":"Le Labo FR","article_published_time":"2026-04-04T23:01:14+00:00","article_modified_time":"2026-04-04T23:09:00+00:00","og_image":[{"width":1000,"height":524,"url":"https:\/\/lelabo.ca\/fr\/wp-content\/uploads\/sites\/2\/2026\/04\/large_Verviers_Anouk_World_Was_Always_Full_Of_Us_still03_bb28b13454.jpg","type":"image\/jpeg"}],"author":"Le Labo","twitter_card":"summary_large_image","twitter_misc":{"\u00c9crit par":"Le Labo","Dur\u00e9e de lecture estim\u00e9e":"3 minutes"},"schema":{"@context":"https:\/\/schema.org","@graph":[{"@type":"WebPage","@id":"https:\/\/lelabo.ca\/fr\/performance-anouk-verviers-we-felt-our-cells-tumble-cluster-and-creep\/","url":"https:\/\/lelabo.ca\/fr\/performance-anouk-verviers-we-felt-our-cells-tumble-cluster-and-creep\/","name":"Performance | Anouk Verviers : \u00ab we felt our cells tumble, cluster, and creep \u00bb - Le Labo FR","isPartOf":{"@id":"https:\/\/lelabo.ca\/fr\/#website"},"primaryImageOfPage":{"@id":"https:\/\/lelabo.ca\/fr\/performance-anouk-verviers-we-felt-our-cells-tumble-cluster-and-creep\/#primaryimage"},"image":{"@id":"https:\/\/lelabo.ca\/fr\/performance-anouk-verviers-we-felt-our-cells-tumble-cluster-and-creep\/#primaryimage"},"thumbnailUrl":"https:\/\/lelabo.ca\/fr\/wp-content\/uploads\/sites\/2\/2026\/04\/large_Verviers_Anouk_World_Was_Always_Full_Of_Us_still03_bb28b13454.jpg","datePublished":"2026-04-04T23:01:14+00:00","dateModified":"2026-04-04T23:09:00+00:00","author":{"@id":"https:\/\/lelabo.ca\/fr\/#\/schema\/person\/7edfb4726367f54e3791ef5de3dc4ee9"},"breadcrumb":{"@id":"https:\/\/lelabo.ca\/fr\/performance-anouk-verviers-we-felt-our-cells-tumble-cluster-and-creep\/#breadcrumb"},"inLanguage":"fr-FR","potentialAction":[{"@type":"ReadAction","target":["https:\/\/lelabo.ca\/fr\/performance-anouk-verviers-we-felt-our-cells-tumble-cluster-and-creep\/"]}]},{"@type":"ImageObject","inLanguage":"fr-FR","@id":"https:\/\/lelabo.ca\/fr\/performance-anouk-verviers-we-felt-our-cells-tumble-cluster-and-creep\/#primaryimage","url":"https:\/\/lelabo.ca\/fr\/wp-content\/uploads\/sites\/2\/2026\/04\/large_Verviers_Anouk_World_Was_Always_Full_Of_Us_still03_bb28b13454.jpg","contentUrl":"https:\/\/lelabo.ca\/fr\/wp-content\/uploads\/sites\/2\/2026\/04\/large_Verviers_Anouk_World_Was_Always_Full_Of_Us_still03_bb28b13454.jpg","width":1000,"height":524},{"@type":"BreadcrumbList","@id":"https:\/\/lelabo.ca\/fr\/performance-anouk-verviers-we-felt-our-cells-tumble-cluster-and-creep\/#breadcrumb","itemListElement":[{"@type":"ListItem","position":1,"name":"Accueil","item":"https:\/\/lelabo.ca\/fr\/"},{"@type":"ListItem","position":2,"name":"Performance | Anouk Verviers : \u00ab we felt our cells tumble, cluster, and creep \u00bb"}]},{"@type":"WebSite","@id":"https:\/\/lelabo.ca\/fr\/#website","url":"https:\/\/lelabo.ca\/fr\/","name":"Le Labo FR","description":"","potentialAction":[{"@type":"SearchAction","target":{"@type":"EntryPoint","urlTemplate":"https:\/\/lelabo.ca\/fr\/?s={search_term_string}"},"query-input":{"@type":"PropertyValueSpecification","valueRequired":true,"valueName":"search_term_string"}}],"inLanguage":"fr-FR"},{"@type":"Person","@id":"https:\/\/lelabo.ca\/fr\/#\/schema\/person\/7edfb4726367f54e3791ef5de3dc4ee9","name":"Le Labo","url":"https:\/\/lelabo.ca\/fr\/author\/carolina\/"}]}},"_links":{"self":[{"href":"https:\/\/lelabo.ca\/fr\/wp-json\/wp\/v2\/posts\/17212","targetHints":{"allow":["GET"]}}],"collection":[{"href":"https:\/\/lelabo.ca\/fr\/wp-json\/wp\/v2\/posts"}],"about":[{"href":"https:\/\/lelabo.ca\/fr\/wp-json\/wp\/v2\/types\/post"}],"author":[{"embeddable":true,"href":"https:\/\/lelabo.ca\/fr\/wp-json\/wp\/v2\/users\/2"}],"replies":[{"embeddable":true,"href":"https:\/\/lelabo.ca\/fr\/wp-json\/wp\/v2\/comments?post=17212"}],"version-history":[{"count":1,"href":"https:\/\/lelabo.ca\/fr\/wp-json\/wp\/v2\/posts\/17212\/revisions"}],"predecessor-version":[{"id":17217,"href":"https:\/\/lelabo.ca\/fr\/wp-json\/wp\/v2\/posts\/17212\/revisions\/17217"}],"wp:featuredmedia":[{"embeddable":true,"href":"https:\/\/lelabo.ca\/fr\/wp-json\/wp\/v2\/media\/17215"}],"wp:attachment":[{"href":"https:\/\/lelabo.ca\/fr\/wp-json\/wp\/v2\/media?parent=17212"}],"wp:term":[{"taxonomy":"category","embeddable":true,"href":"https:\/\/lelabo.ca\/fr\/wp-json\/wp\/v2\/categories?post=17212"},{"taxonomy":"post_tag","embeddable":true,"href":"https:\/\/lelabo.ca\/fr\/wp-json\/wp\/v2\/tags?post=17212"}],"curies":[{"name":"wp","href":"https:\/\/api.w.org\/{rel}","templated":true}]}}