{"id":17229,"date":"2026-05-01T20:50:04","date_gmt":"2026-05-01T20:50:04","guid":{"rendered":"https:\/\/lelabo.ca\/fr\/?p=17229"},"modified":"2026-05-01T21:10:57","modified_gmt":"2026-05-01T21:10:57","slug":"flanerie-sur-le-facadisme-au-festival-janes-walk-2026","status":"publish","type":"post","link":"https:\/\/lelabo.ca\/fr\/flanerie-sur-le-facadisme-au-festival-janes-walk-2026\/","title":{"rendered":"Fl\u00e2nerie sur le fa\u00e7adisme, au festival Jane&rsquo;s Walk 2026"},"content":{"rendered":"\n<p class=\"has-white-color has-text-color has-background has-link-color wp-elements-7ad739438fbafa6d35ab74133f81e5f1\" style=\"background:linear-gradient(135deg,rgb(0,0,0) 17%,rgb(252,220,52) 100%)\"><strong><strong>RDV: Devant le 401 Richmond O<br>Samedi le 2 mai 2026,&nbsp;10h&nbsp;\u00e0&nbsp;11h<\/strong><\/strong> (gratuit!)<\/p>\n\n\n\n<figure class=\"wp-block-image size-large\"><img loading=\"lazy\" decoding=\"async\" width=\"1024\" height=\"619\" src=\"https:\/\/lelabo.ca\/fr\/wp-content\/uploads\/sites\/2\/2026\/05\/Creation-sans-titre-1024x619.png\" alt=\"\" class=\"wp-image-17233\" srcset=\"https:\/\/lelabo.ca\/fr\/wp-content\/uploads\/sites\/2\/2026\/05\/Creation-sans-titre-1024x619.png 1024w, https:\/\/lelabo.ca\/fr\/wp-content\/uploads\/sites\/2\/2026\/05\/Creation-sans-titre-300x181.png 300w, https:\/\/lelabo.ca\/fr\/wp-content\/uploads\/sites\/2\/2026\/05\/Creation-sans-titre-768x464.png 768w, https:\/\/lelabo.ca\/fr\/wp-content\/uploads\/sites\/2\/2026\/05\/Creation-sans-titre.png 1212w\" sizes=\"auto, (max-width: 1024px) 100vw, 1024px\" \/><\/figure>\n\n\n\n<p><em>Fl\u00e2nerie Urbaine : Red\u00e9couvrons le Fashion District ensemble! <\/em><\/p>\n\n\n\n<h3 class=\"wp-block-heading\">Une premi\u00e8re collaboration entre Le Labo et la Soci\u00e9t\u00e9 d\u2019Histoire de Toronto pour le festival Jane\u2019s Walk<\/h3>\n\n\n\n<p>Et si on prenait le temps de lever le nez pour mieux voir notre ville ?<\/p>\n\n\n\n<p><strong>Le&nbsp;samedi 2 mai<\/strong> 2026<strong>,&nbsp;Le Labo<\/strong>&nbsp;et <strong>la&nbsp;Soci\u00e9t\u00e9 d\u2019Histoire de Toronto (SHT)<\/strong>&nbsp;unissent leurs forces pour la toute premi\u00e8re fois! Dans le cadre du festival communautaire&nbsp;Jane\u2019s Walk, nous vous invitons \u00e0 une&nbsp;fl\u00e2nerie urbaine conviviale&nbsp;intitul\u00e9e&nbsp;\u00ab Fa\u00e7adisme : compromis honn\u00eate ou d\u00e9cor superficiel? \u00bb.<\/p>\n\n\n\n<p>Guid\u00e9s par&nbsp;<strong>Dyana Ouvrard&nbsp;(Le Labo) <\/strong>et&nbsp;<strong>Rolande Smith&nbsp;(SHT)<\/strong>, nous partirons ensemble explorer le&nbsp;Fashion District. Au programme: une heure de marche, d\u2019\u00e9changes et de d\u00e9couvertes pour d\u00e9coder l\u2019architecture qui nous entoure. Pourquoi certaines vieilles fa\u00e7ades sont-elles conserv\u00e9es alors que le reste du b\u00e2timent est d\u00e9moli? Est-ce une vraie protection du patrimoine ou simplement un \u00ab d\u00e9cor \u00bb pour les nouvelles tours?<\/p>\n\n\n\n<p>Nous terminerons notre p\u00e9riple au parc St. Andrew\u2019s Playground pour une derni\u00e8re discussion autour de l\u2019avenir de nos quartiers. Alors, enfilez vos baskets les plus confortables, et venez nombreux partager ce moment de convivialit\u00e9 et de r\u00e9flexion.<\/p>\n\n\n\n<p>Au plaisir de marcher avec vous !<\/p>\n\n\n\n<h4 class=\"wp-block-heading\">Informations pratiques: <\/h4>\n\n\n\n<ul class=\"wp-block-list\">\n<li>Samedi 2 mai 2026<\/li>\n\n\n\n<li>10h00 \u2013 11h00<\/li>\n\n\n\n<li>D\u00e9part : 401 Richmond Ouest (devant le Dark Horse Coffee), Toronto <\/li>\n\n\n\n<li>Langue : Fran\u00e7ais<\/li>\n\n\n\n<li>Gratuit et ouvert \u00e0 toutes et tous<\/li>\n<\/ul>\n\n\n\n<p>Nous vous invitons de consulter <a href=\"https:\/\/www.janeswalkfestivalto.com\/saturday-may-2-2026-1\/fl%C3%A2nerie-sur-le-fa%C3%A7adisme\"><strong>le site web officiel du festival<\/strong><\/a>, ainsi que le site de ONFR+ qui \u00e0 <strong><a href=\"https:\/\/onfr.tfo.org\/flaner-pour-mieux-voir-toronto-quand-patrimoine-et-regard-artistique-se-rencontrent\/\">publi\u00e9 un article sur la fl\u00e2nerie<\/a>. <\/strong><\/p>\n\n\n\n<figure class=\"wp-block-image size-large\"><img loading=\"lazy\" decoding=\"async\" width=\"1024\" height=\"178\" src=\"https:\/\/lelabo.ca\/fr\/wp-content\/uploads\/sites\/2\/2026\/05\/Logo-Page-PH-1024x178.png\" alt=\"\" class=\"wp-image-17231\" srcset=\"https:\/\/lelabo.ca\/fr\/wp-content\/uploads\/sites\/2\/2026\/05\/Logo-Page-PH-1024x178.png 1024w, https:\/\/lelabo.ca\/fr\/wp-content\/uploads\/sites\/2\/2026\/05\/Logo-Page-PH-300x52.png 300w, https:\/\/lelabo.ca\/fr\/wp-content\/uploads\/sites\/2\/2026\/05\/Logo-Page-PH-768x134.png 768w, https:\/\/lelabo.ca\/fr\/wp-content\/uploads\/sites\/2\/2026\/05\/Logo-Page-PH.png 1536w\" sizes=\"auto, (max-width: 1024px) 100vw, 1024px\" \/><\/figure>\n","protected":false},"excerpt":{"rendered":"<p>Dans le cadre du festival Jane&rsquo;s Walk, Le Labo et la Soci\u00e9te d&rsquo;histoire de Toronto pr\u00e9sentent \u00ab FA\u00c7ADISME: compromis honn\u00eate ou d\u00e9cor superficiel ? \u00bb.  <\/p>\n<p>Samedi 2 mai 2026, 10h00 \u2013 11h00<br \/>\nRendez-vous : 401 Richmond Ouest (devant Dark Horse Coffee)<\/p>\n","protected":false},"author":2,"featured_media":17233,"comment_status":"closed","ping_status":"closed","sticky":false,"template":"","format":"standard","meta":{"footnotes":""},"categories":[74],"tags":[],"class_list":["post-17229","post","type-post","status-publish","format-standard","has-post-thumbnail","hentry","category-a-venir"],"yoast_head":"<!-- This site is optimized with the Yoast SEO plugin v24.9 - https:\/\/yoast.com\/wordpress\/plugins\/seo\/ -->\n<title>Fl\u00e2nerie sur le fa\u00e7adisme, au festival Jane&#039;s Walk 2026 - Le Labo FR<\/title>\n<meta name=\"robots\" content=\"index, follow, max-snippet:-1, max-image-preview:large, max-video-preview:-1\" \/>\n<link rel=\"canonical\" href=\"https:\/\/lelabo.ca\/fr\/flanerie-sur-le-facadisme-au-festival-janes-walk-2026\/\" \/>\n<meta property=\"og:locale\" content=\"fr_FR\" \/>\n<meta property=\"og:type\" content=\"article\" \/>\n<meta property=\"og:title\" content=\"Fl\u00e2nerie sur le fa\u00e7adisme, au festival Jane&#039;s Walk 2026 - Le Labo FR\" \/>\n<meta property=\"og:description\" content=\"Dans le cadre du festival Jane&#039;s Walk, Le Labo et la Soci\u00e9te d&#039;histoire de Toronto pr\u00e9sentent \u00ab FA\u00c7ADISME: compromis honn\u00eate ou d\u00e9cor superficiel ? \u00bb.  Samedi 2 mai 2026, 10h00 \u2013 11h00 Rendez-vous : 401 Richmond Ouest (devant Dark Horse Coffee)\" \/>\n<meta property=\"og:url\" content=\"https:\/\/lelabo.ca\/fr\/flanerie-sur-le-facadisme-au-festival-janes-walk-2026\/\" \/>\n<meta property=\"og:site_name\" content=\"Le Labo FR\" \/>\n<meta property=\"article:published_time\" content=\"2026-05-01T20:50:04+00:00\" \/>\n<meta property=\"article:modified_time\" content=\"2026-05-01T21:10:57+00:00\" \/>\n<meta property=\"og:image\" content=\"https:\/\/lelabo.ca\/fr\/wp-content\/uploads\/sites\/2\/2026\/05\/Creation-sans-titre.png\" \/>\n\t<meta property=\"og:image:width\" content=\"1212\" \/>\n\t<meta property=\"og:image:height\" content=\"733\" \/>\n\t<meta property=\"og:image:type\" content=\"image\/png\" \/>\n<meta name=\"author\" content=\"Le Labo\" \/>\n<meta name=\"twitter:card\" content=\"summary_large_image\" \/>\n<meta name=\"twitter:label1\" content=\"\u00c9crit par\" \/>\n\t<meta name=\"twitter:data1\" content=\"Le Labo\" \/>\n\t<meta name=\"twitter:label2\" content=\"Dur\u00e9e de lecture estim\u00e9e\" \/>\n\t<meta name=\"twitter:data2\" content=\"2 minutes\" \/>\n<script type=\"application\/ld+json\" class=\"yoast-schema-graph\">{\"@context\":\"https:\/\/schema.org\",\"@graph\":[{\"@type\":\"WebPage\",\"@id\":\"https:\/\/lelabo.ca\/fr\/flanerie-sur-le-facadisme-au-festival-janes-walk-2026\/\",\"url\":\"https:\/\/lelabo.ca\/fr\/flanerie-sur-le-facadisme-au-festival-janes-walk-2026\/\",\"name\":\"Fl\u00e2nerie sur le fa\u00e7adisme, au festival Jane's Walk 2026 - Le Labo FR\",\"isPartOf\":{\"@id\":\"https:\/\/lelabo.ca\/fr\/#website\"},\"primaryImageOfPage\":{\"@id\":\"https:\/\/lelabo.ca\/fr\/flanerie-sur-le-facadisme-au-festival-janes-walk-2026\/#primaryimage\"},\"image\":{\"@id\":\"https:\/\/lelabo.ca\/fr\/flanerie-sur-le-facadisme-au-festival-janes-walk-2026\/#primaryimage\"},\"thumbnailUrl\":\"https:\/\/lelabo.ca\/fr\/wp-content\/uploads\/sites\/2\/2026\/05\/Creation-sans-titre.png\",\"datePublished\":\"2026-05-01T20:50:04+00:00\",\"dateModified\":\"2026-05-01T21:10:57+00:00\",\"author\":{\"@id\":\"https:\/\/lelabo.ca\/fr\/#\/schema\/person\/7edfb4726367f54e3791ef5de3dc4ee9\"},\"breadcrumb\":{\"@id\":\"https:\/\/lelabo.ca\/fr\/flanerie-sur-le-facadisme-au-festival-janes-walk-2026\/#breadcrumb\"},\"inLanguage\":\"fr-FR\",\"potentialAction\":[{\"@type\":\"ReadAction\",\"target\":[\"https:\/\/lelabo.ca\/fr\/flanerie-sur-le-facadisme-au-festival-janes-walk-2026\/\"]}]},{\"@type\":\"ImageObject\",\"inLanguage\":\"fr-FR\",\"@id\":\"https:\/\/lelabo.ca\/fr\/flanerie-sur-le-facadisme-au-festival-janes-walk-2026\/#primaryimage\",\"url\":\"https:\/\/lelabo.ca\/fr\/wp-content\/uploads\/sites\/2\/2026\/05\/Creation-sans-titre.png\",\"contentUrl\":\"https:\/\/lelabo.ca\/fr\/wp-content\/uploads\/sites\/2\/2026\/05\/Creation-sans-titre.png\",\"width\":1212,\"height\":733},{\"@type\":\"BreadcrumbList\",\"@id\":\"https:\/\/lelabo.ca\/fr\/flanerie-sur-le-facadisme-au-festival-janes-walk-2026\/#breadcrumb\",\"itemListElement\":[{\"@type\":\"ListItem\",\"position\":1,\"name\":\"Accueil\",\"item\":\"https:\/\/lelabo.ca\/fr\/\"},{\"@type\":\"ListItem\",\"position\":2,\"name\":\"Fl\u00e2nerie sur le fa\u00e7adisme, au festival Jane&rsquo;s Walk 2026\"}]},{\"@type\":\"WebSite\",\"@id\":\"https:\/\/lelabo.ca\/fr\/#website\",\"url\":\"https:\/\/lelabo.ca\/fr\/\",\"name\":\"Le Labo FR\",\"description\":\"\",\"potentialAction\":[{\"@type\":\"SearchAction\",\"target\":{\"@type\":\"EntryPoint\",\"urlTemplate\":\"https:\/\/lelabo.ca\/fr\/?s={search_term_string}\"},\"query-input\":{\"@type\":\"PropertyValueSpecification\",\"valueRequired\":true,\"valueName\":\"search_term_string\"}}],\"inLanguage\":\"fr-FR\"},{\"@type\":\"Person\",\"@id\":\"https:\/\/lelabo.ca\/fr\/#\/schema\/person\/7edfb4726367f54e3791ef5de3dc4ee9\",\"name\":\"Le Labo\",\"url\":\"https:\/\/lelabo.ca\/fr\/author\/carolina\/\"}]}<\/script>\n<!-- \/ Yoast SEO plugin. -->","yoast_head_json":{"title":"Fl\u00e2nerie sur le fa\u00e7adisme, au festival Jane's Walk 2026 - Le Labo FR","robots":{"index":"index","follow":"follow","max-snippet":"max-snippet:-1","max-image-preview":"max-image-preview:large","max-video-preview":"max-video-preview:-1"},"canonical":"https:\/\/lelabo.ca\/fr\/flanerie-sur-le-facadisme-au-festival-janes-walk-2026\/","og_locale":"fr_FR","og_type":"article","og_title":"Fl\u00e2nerie sur le fa\u00e7adisme, au festival Jane's Walk 2026 - Le Labo FR","og_description":"Dans le cadre du festival Jane's Walk, Le Labo et la Soci\u00e9te d'histoire de Toronto pr\u00e9sentent \u00ab FA\u00c7ADISME: compromis honn\u00eate ou d\u00e9cor superficiel ? \u00bb.  Samedi 2 mai 2026, 10h00 \u2013 11h00 Rendez-vous : 401 Richmond Ouest (devant Dark Horse Coffee)","og_url":"https:\/\/lelabo.ca\/fr\/flanerie-sur-le-facadisme-au-festival-janes-walk-2026\/","og_site_name":"Le Labo FR","article_published_time":"2026-05-01T20:50:04+00:00","article_modified_time":"2026-05-01T21:10:57+00:00","og_image":[{"width":1212,"height":733,"url":"https:\/\/lelabo.ca\/fr\/wp-content\/uploads\/sites\/2\/2026\/05\/Creation-sans-titre.png","type":"image\/png"}],"author":"Le Labo","twitter_card":"summary_large_image","twitter_misc":{"\u00c9crit par":"Le Labo","Dur\u00e9e de lecture estim\u00e9e":"2 minutes"},"schema":{"@context":"https:\/\/schema.org","@graph":[{"@type":"WebPage","@id":"https:\/\/lelabo.ca\/fr\/flanerie-sur-le-facadisme-au-festival-janes-walk-2026\/","url":"https:\/\/lelabo.ca\/fr\/flanerie-sur-le-facadisme-au-festival-janes-walk-2026\/","name":"Fl\u00e2nerie sur le fa\u00e7adisme, au festival Jane's Walk 2026 - Le Labo FR","isPartOf":{"@id":"https:\/\/lelabo.ca\/fr\/#website"},"primaryImageOfPage":{"@id":"https:\/\/lelabo.ca\/fr\/flanerie-sur-le-facadisme-au-festival-janes-walk-2026\/#primaryimage"},"image":{"@id":"https:\/\/lelabo.ca\/fr\/flanerie-sur-le-facadisme-au-festival-janes-walk-2026\/#primaryimage"},"thumbnailUrl":"https:\/\/lelabo.ca\/fr\/wp-content\/uploads\/sites\/2\/2026\/05\/Creation-sans-titre.png","datePublished":"2026-05-01T20:50:04+00:00","dateModified":"2026-05-01T21:10:57+00:00","author":{"@id":"https:\/\/lelabo.ca\/fr\/#\/schema\/person\/7edfb4726367f54e3791ef5de3dc4ee9"},"breadcrumb":{"@id":"https:\/\/lelabo.ca\/fr\/flanerie-sur-le-facadisme-au-festival-janes-walk-2026\/#breadcrumb"},"inLanguage":"fr-FR","potentialAction":[{"@type":"ReadAction","target":["https:\/\/lelabo.ca\/fr\/flanerie-sur-le-facadisme-au-festival-janes-walk-2026\/"]}]},{"@type":"ImageObject","inLanguage":"fr-FR","@id":"https:\/\/lelabo.ca\/fr\/flanerie-sur-le-facadisme-au-festival-janes-walk-2026\/#primaryimage","url":"https:\/\/lelabo.ca\/fr\/wp-content\/uploads\/sites\/2\/2026\/05\/Creation-sans-titre.png","contentUrl":"https:\/\/lelabo.ca\/fr\/wp-content\/uploads\/sites\/2\/2026\/05\/Creation-sans-titre.png","width":1212,"height":733},{"@type":"BreadcrumbList","@id":"https:\/\/lelabo.ca\/fr\/flanerie-sur-le-facadisme-au-festival-janes-walk-2026\/#breadcrumb","itemListElement":[{"@type":"ListItem","position":1,"name":"Accueil","item":"https:\/\/lelabo.ca\/fr\/"},{"@type":"ListItem","position":2,"name":"Fl\u00e2nerie sur le fa\u00e7adisme, au festival Jane&rsquo;s Walk 2026"}]},{"@type":"WebSite","@id":"https:\/\/lelabo.ca\/fr\/#website","url":"https:\/\/lelabo.ca\/fr\/","name":"Le Labo FR","description":"","potentialAction":[{"@type":"SearchAction","target":{"@type":"EntryPoint","urlTemplate":"https:\/\/lelabo.ca\/fr\/?s={search_term_string}"},"query-input":{"@type":"PropertyValueSpecification","valueRequired":true,"valueName":"search_term_string"}}],"inLanguage":"fr-FR"},{"@type":"Person","@id":"https:\/\/lelabo.ca\/fr\/#\/schema\/person\/7edfb4726367f54e3791ef5de3dc4ee9","name":"Le Labo","url":"https:\/\/lelabo.ca\/fr\/author\/carolina\/"}]}},"_links":{"self":[{"href":"https:\/\/lelabo.ca\/fr\/wp-json\/wp\/v2\/posts\/17229","targetHints":{"allow":["GET"]}}],"collection":[{"href":"https:\/\/lelabo.ca\/fr\/wp-json\/wp\/v2\/posts"}],"about":[{"href":"https:\/\/lelabo.ca\/fr\/wp-json\/wp\/v2\/types\/post"}],"author":[{"embeddable":true,"href":"https:\/\/lelabo.ca\/fr\/wp-json\/wp\/v2\/users\/2"}],"replies":[{"embeddable":true,"href":"https:\/\/lelabo.ca\/fr\/wp-json\/wp\/v2\/comments?post=17229"}],"version-history":[{"count":2,"href":"https:\/\/lelabo.ca\/fr\/wp-json\/wp\/v2\/posts\/17229\/revisions"}],"predecessor-version":[{"id":17234,"href":"https:\/\/lelabo.ca\/fr\/wp-json\/wp\/v2\/posts\/17229\/revisions\/17234"}],"wp:featuredmedia":[{"embeddable":true,"href":"https:\/\/lelabo.ca\/fr\/wp-json\/wp\/v2\/media\/17233"}],"wp:attachment":[{"href":"https:\/\/lelabo.ca\/fr\/wp-json\/wp\/v2\/media?parent=17229"}],"wp:term":[{"taxonomy":"category","embeddable":true,"href":"https:\/\/lelabo.ca\/fr\/wp-json\/wp\/v2\/categories?post=17229"},{"taxonomy":"post_tag","embeddable":true,"href":"https:\/\/lelabo.ca\/fr\/wp-json\/wp\/v2\/tags?post=17229"}],"curies":[{"name":"wp","href":"https:\/\/api.w.org\/{rel}","templated":true}]}}