{"id":483,"date":"2014-06-29T19:45:15","date_gmt":"2014-06-29T23:45:15","guid":{"rendered":"http:\/\/lelabo.ca\/wordpress\/fr\/2014\/06\/29\/chute-dhaut-2\/"},"modified":"2015-12-11T21:21:05","modified_gmt":"2015-12-11T21:21:05","slug":"chute-dhaut-2","status":"publish","type":"post","link":"https:\/\/lelabo.ca\/fr\/chute-dhaut-2\/","title":{"rendered":"Chute d&rsquo;Haut"},"content":{"rendered":"<div class=\"drupal_image_wrapper\"><img decoding=\"async\" src=\"https:\/\/maiatencong.com\/wordpress\/wp-content\/uploads\/drupal-files\/ChuteDhaut_siteweb.jpg\" alt=\"\" \/><\/div>\n<p>Une pr\u00e9sentation du projet par les artistes suivi d\u2019une s\u00e9ance\u2028 de questions r\u00e9ponses aura lieu de 14h30 \u00e0 15h00.<\/p>\n<p>Exposition : 15 mai au 29 juin 2014<\/p>\n<p>Adresse : Art Gallery of Mississauga, 300 City Centre Drive, Mississauga, ON L5B 3C1<\/p>\n<p>Horaire d\u2019ouverture : Lun. mar. mer. &amp; ven. 10h-17h, jeu. 10h-20h, sam. &amp; dim.12h00-16h00<br \/>\nInformations\u00a0: www.lelabo.ca \u2013 info@lelabo.ca &#8211; 416 603 6566<\/p>\n<p>Chute d\u2019haut est une animation mettant en sc\u00e8ne des personnages provenant des \u00e9l\u00e9ments de la nature tels que l\u2019eau et le vent afin d&rsquo;\u00e9voquer des \u00e9motions humaines illustrant ainsi le cycle de la vie. Dans cette vid\u00e9o, nous suivons le parcours de trois gouttes d\u2019eau qui tombent d\u2019un nuage et les diff\u00e9rentes aventures et obstacles qu\u2019elles vont rencontrer.<\/p>\n<p>Le Collectif des jeunes artistes du Labo est un groupe de quatre jeunes francophones et francophiles de 12 \u00e0 17 ans qui se sont joints au projet motiv\u00e9s par une curiosit\u00e9 pour les arts m\u00e9diatiques et la volont\u00e9 de d\u00e9velopper leur propre cr\u00e9ativit\u00e9. Provenant de milieux scolaires diff\u00e9rents et d\u2019\u00e2ges divers, chacun a apport\u00e9 son propre talent au projet. Pendant le processus cr\u00e9atif, ils ont d\u00e9velopp\u00e9 leur histoire tout en apprenant les techniques sp\u00e9cifiques \u00e0 l\u2019animation lors de formations offertes par Le Labo.<\/p>\n<p>Participants : Rebecca Bordeiasu, S\u00e9bastien Duff-Mailloux, Andrei Grovu, \u00c9ric Siegfriedt.<br \/>\nIntervenants : Alex Loukos, Madi Piller, Paul Walty<\/p>\n<p>\u00c0 propos des artistes :<br \/>\nRebecca Bordeiasu<br \/>\nRebecca est en premi\u00e8re ann\u00e9e \u00e0 la Gordon Graydon M\u00e9morial S.S. Elle a un int\u00e9r\u00eat pour le design et l\u2019animation. Ses disciplines artistiques favorites sont la sculpture et le dessin. Elle a d\u00e9couvert une passion pour la r\u00e9alisation video \u00e0 un tr\u00e8s jeune \u00e2ge. Elle a donc \u00e9t\u00e9 ravie d\u2019avoir eu l\u2019opportunit\u00e9 de faire partie du projet du Labo et d\u2019avoir l\u2019occasion de rencontrer diff\u00e9rents artistes et r\u00e9alisateurs. Elle a aussi eu la chance de voir la quantit\u00e9 de travail n\u00e9cessaire afin de r\u00e9aliser un projet en arts m\u00e9diatiques. Le Labo lui a aussi fait rencontrer de nouvelles personnes et d\u00e9couvrir une nouvelle passion pour l\u2019animation image par image.<\/p>\n<p>\u00c9ric Siegfriedt<br \/>\n\u00c9ric est un \u00e9tudiant ontarien bilingue, artiste visuel, musicien, nageur comp\u00e9titif et future architecte. Il s\u2019est int\u00e9ress\u00e9 au Labo car il voulait poursuivre diff\u00e9rents domaines en arts m\u00e9diatiques. Avant ce projet, il n\u2019avait jamais imagin\u00e9 pouvoir cr\u00e9er sa propre animation image par image.<br \/>\nS\u00e9bastien Duff-Mailloux<br \/>\nS\u00e9bastien est un \u00e9tudiant de 16 ans de l\u2019\u00e9cole secondaire Toronto Ouest. Il aime beaucoup la musique et joue de la guitare basse. Il s\u2019est joint au Labo pour pouvoir s&rsquo;exposer au monde des arts m\u00e9diatiques, et en particulier \u00e0 l&rsquo;animation image par image.<\/p>\n<p>Andrei Grovu<br \/>\nAndrei est un \u00e9tudiant \u00e0 Saint-J\u00e9r\u00f4me int\u00e9ress\u00e9 par l\u2019art num\u00e9rique et la langue fran\u00e7aise. Il cherchait une occasion de pratiquer son fran\u00e7ais et d\u2019en apprendre plus sur les arts m\u00e9diatiques. C\u2019est lors d\u2019un de ses cours de fran\u00e7ais qu\u2019il a entendu parl\u00e9 du programme au Labo et qu\u2019il a d\u00e9cid\u00e9 de s&rsquo;inscrire. Le Labo lui a permis de rencontrer des artistes impressionnants et des cin\u00e9astes qu\u2019il n&rsquo;aurait jamais imagin\u00e9 conna\u00eetre. Il a appris beaucoup de nouvelles choses et se sent tr\u00e8s reconnaissant d&rsquo;avoir pu participer \u00e0 ce programme.<\/p>\n<p>\u00c0 propos des intervenants :<br \/>\nAlexandre Loukos<br \/>\nAlexandre Loukos a \u00e9tudi\u00e9 le cin\u00e9ma \u00e0 Paris o\u00f9 il est aussi initi\u00e9 \u00e0 la direction d\u2019acteurs. En Gr\u00e8ce, il c\u00f4toie Th\u00e9o Angelopoulos, et travaille comme assistant. De cette rencontre, il r\u00e9alise un documentaire de cr\u00e9ation sur le tournage du film \u00ab Le pas suspendu de la Cigogne \u00bb. Plus tard, il r\u00e9alise une premi\u00e8re fiction : \u00ab L\u2019homme d\u2019\u00e0 c\u00f4t\u00e9 \u00bb, un court-m\u00e9trage qui fait son chemin dans les festivals jusque \u00e0 la diffusion t\u00e9l\u00e9visuelle en France. Parall\u00e8lement, il travaille comme monteur pour la t\u00e9l\u00e9vision grecque.<br \/>\nDe retour \u00e0 Paris, il suit une formation en production, ce qui l\u2019am\u00e8ne \u00e0 Toronto en 2004. Il y assure la post-production du film \u00ab Sph\u00e8res \u00bb diffus\u00e9 \u00e0 Radio-Canada. Membre fondateur du LABO, il signe aussi quelques vid\u00e9os exp\u00e9rimentales et plusieurs clips promotionnels.<br \/>\nDepuis 2008, il travaille r\u00e9guli\u00e8rement comme monteur \u00e0 TFO et occasionnellement pour le Studio Ontario Ouest de l&rsquo;ONF \u00e0 Toronto.<br \/>\nEn 2010, il r\u00e9alise et monte la s\u00e9rie \u00ab\u00a0Relief sur la route\u00a0\u00bb : 13 \u00e9missions de 26 minutes pour TFO sur les enjeux des communaut\u00e9s francophones de l&rsquo;Ontario. La s\u00e9rie est \u00e0 l\u2019antenne depuis septembre 2010 et a \u00e9t\u00e9 rediffus\u00e9e \u00e0 TV5 en 2011.<br \/>\nSon premier long-m\u00e9trage documentaire \u00ab Sur les traces de Padejo \u00bb commence sa carri\u00e8re dans les festivals (d\u00e9but 2014).<\/p>\n<p>Madi Piller<br \/>\nDepuis 1998, Madi Piller est \u00e0 Toronto et travaille de pr\u00e8s avec la communaut\u00e9 de cin\u00e9astes ind\u00e9pendants en faisant des courts m\u00e9trages exp\u00e9rimentaux, de la programmation et du mentorat.<br \/>\nSes films ont \u00e9t\u00e9 vus dans beaucoup de Festivals et de lieux de diffusion artistiques au Canada et \u00e0 l&rsquo;international. Son travail a \u00e9t\u00e9 produit gr\u00e2ce au soutien du Conseil des Arts du Canada, le Conseil des Arts de l&rsquo;Ontario, le Conseil des Arts de Toronto et l&rsquo;Office National du Film du Canada.<br \/>\nDepuis plusieurs ann\u00e9es, elle programme et cr\u00e9e des films d&rsquo;animation sp\u00e9cialement command\u00e9s. Sa passion pour l&rsquo;animation l&rsquo;a amen\u00e9e \u00e0 si\u00e9ger b\u00e9n\u00e9volement en tant que pr\u00e9sidente du conseil d&rsquo;administration de la Toronto Animated Image Society (TAIS).<\/p>\n<p>Paul Walty<br \/>\nPaul Walty a un vif int\u00e9r\u00eat pour l\u2019animation image par image. Il est un artiste visuel plut\u00f4t matinal que nocturne \u00e0 cause d\u2019une enfance sans d\u00e9rapage, virage ou clonage. Il est myope par n\u00e9cessit\u00e9 et souffre d\u2019un regard sans reproche. La derni\u00e8re chose qu\u2019il fait avant de quitter son petit chez soi, c\u2019est de v\u00e9rifier s\u2019il a bien gliss\u00e9 un cahier de dessin (format livre de poche) dans son blouson, puis un crayon noir de gros calibre 2B\/4B, un marqueur noir permanent \u00e0 l\u2019eau ainsi qu&rsquo;un appareil de photo num\u00e9rique compact. Il adore regarder les photos de vos vacances.<\/p>\n","protected":false},"excerpt":{"rendered":"<p>Une pr\u00e9sentation du projet par les artistes suivi d\u2019une s\u00e9ance\u2028 de questions r\u00e9ponses aura lieu de 14h30 \u00e0 15h00.<\/p>\n<p>Exposition : 15 mai au 29 juin 2014<\/p>\n<p>Adresse : Art Gallery of Mississauga, 300 City Centre Drive, Mississauga, ON L5B 3C1<\/p>\n<p>Horaire d\u2019ouverture : Lun. mar. mer. &amp; ven. 10h-17h, jeu. 10h-20h, sam. &amp; dim.12h00-16h00<br \/>\nInformations\u00a0: www.lelabo.ca \u2013 info@lelabo.ca &#8211; 416 603 6566<\/p>\n","protected":false},"author":1,"featured_media":1269,"comment_status":"closed","ping_status":"open","sticky":false,"template":"","format":"standard","meta":{"footnotes":""},"categories":[2],"tags":[],"class_list":["post-483","post","type-post","status-publish","format-standard","has-post-thumbnail","hentry","category-production"],"yoast_head":"<!-- This site is optimized with the Yoast SEO plugin v24.9 - https:\/\/yoast.com\/wordpress\/plugins\/seo\/ -->\n<title>Chute d&#039;Haut - Le Labo FR<\/title>\n<meta name=\"robots\" content=\"index, follow, max-snippet:-1, max-image-preview:large, max-video-preview:-1\" \/>\n<link rel=\"canonical\" href=\"https:\/\/lelabo.ca\/fr\/chute-dhaut-2\/\" \/>\n<meta property=\"og:locale\" content=\"fr_FR\" \/>\n<meta property=\"og:type\" content=\"article\" \/>\n<meta property=\"og:title\" content=\"Chute d&#039;Haut - Le Labo FR\" \/>\n<meta property=\"og:description\" content=\"Une pr\u00e9sentation du projet par les artistes suivi d\u2019une s\u00e9ance\u2028 de questions r\u00e9ponses aura lieu de 14h30 \u00e0 15h00. Exposition : 15 mai au 29 juin 2014 Adresse : Art Gallery of Mississauga, 300 City Centre Drive, Mississauga, ON L5B 3C1 Horaire d\u2019ouverture : Lun. mar. mer. &amp; ven. 10h-17h, jeu. 10h-20h, sam. &amp; dim.12h00-16h00 Informations\u00a0: www.lelabo.ca \u2013 info@lelabo.ca - 416 603 6566\" \/>\n<meta property=\"og:url\" content=\"https:\/\/lelabo.ca\/fr\/chute-dhaut-2\/\" \/>\n<meta property=\"og:site_name\" content=\"Le Labo FR\" \/>\n<meta property=\"article:published_time\" content=\"2014-06-29T23:45:15+00:00\" \/>\n<meta property=\"article:modified_time\" content=\"2015-12-11T21:21:05+00:00\" \/>\n<meta name=\"author\" content=\"lelabo-adm\" \/>\n<meta name=\"twitter:card\" content=\"summary_large_image\" \/>\n<meta name=\"twitter:label1\" content=\"\u00c9crit par\" \/>\n\t<meta name=\"twitter:data1\" content=\"lelabo-adm\" \/>\n\t<meta name=\"twitter:label2\" content=\"Dur\u00e9e de lecture estim\u00e9e\" \/>\n\t<meta name=\"twitter:data2\" content=\"5 minutes\" \/>\n<script type=\"application\/ld+json\" class=\"yoast-schema-graph\">{\"@context\":\"https:\/\/schema.org\",\"@graph\":[{\"@type\":\"WebPage\",\"@id\":\"https:\/\/lelabo.ca\/fr\/chute-dhaut-2\/\",\"url\":\"https:\/\/lelabo.ca\/fr\/chute-dhaut-2\/\",\"name\":\"Chute d'Haut - Le Labo FR\",\"isPartOf\":{\"@id\":\"https:\/\/lelabo.ca\/fr\/#website\"},\"primaryImageOfPage\":{\"@id\":\"https:\/\/lelabo.ca\/fr\/chute-dhaut-2\/#primaryimage\"},\"image\":{\"@id\":\"https:\/\/lelabo.ca\/fr\/chute-dhaut-2\/#primaryimage\"},\"thumbnailUrl\":\"\",\"datePublished\":\"2014-06-29T23:45:15+00:00\",\"dateModified\":\"2015-12-11T21:21:05+00:00\",\"author\":{\"@id\":\"https:\/\/lelabo.ca\/fr\/#\/schema\/person\/a1a47f247614136cb4727be37ca0acdf\"},\"breadcrumb\":{\"@id\":\"https:\/\/lelabo.ca\/fr\/chute-dhaut-2\/#breadcrumb\"},\"inLanguage\":\"fr-FR\",\"potentialAction\":[{\"@type\":\"ReadAction\",\"target\":[\"https:\/\/lelabo.ca\/fr\/chute-dhaut-2\/\"]}]},{\"@type\":\"ImageObject\",\"inLanguage\":\"fr-FR\",\"@id\":\"https:\/\/lelabo.ca\/fr\/chute-dhaut-2\/#primaryimage\",\"url\":\"\",\"contentUrl\":\"\"},{\"@type\":\"BreadcrumbList\",\"@id\":\"https:\/\/lelabo.ca\/fr\/chute-dhaut-2\/#breadcrumb\",\"itemListElement\":[{\"@type\":\"ListItem\",\"position\":1,\"name\":\"Accueil\",\"item\":\"https:\/\/lelabo.ca\/fr\/\"},{\"@type\":\"ListItem\",\"position\":2,\"name\":\"Chute d&rsquo;Haut\"}]},{\"@type\":\"WebSite\",\"@id\":\"https:\/\/lelabo.ca\/fr\/#website\",\"url\":\"https:\/\/lelabo.ca\/fr\/\",\"name\":\"Le Labo FR\",\"description\":\"\",\"potentialAction\":[{\"@type\":\"SearchAction\",\"target\":{\"@type\":\"EntryPoint\",\"urlTemplate\":\"https:\/\/lelabo.ca\/fr\/?s={search_term_string}\"},\"query-input\":{\"@type\":\"PropertyValueSpecification\",\"valueRequired\":true,\"valueName\":\"search_term_string\"}}],\"inLanguage\":\"fr-FR\"},{\"@type\":\"Person\",\"@id\":\"https:\/\/lelabo.ca\/fr\/#\/schema\/person\/a1a47f247614136cb4727be37ca0acdf\",\"name\":\"lelabo-adm\",\"url\":\"https:\/\/lelabo.ca\/fr\/author\/lelabo-adm\/\"}]}<\/script>\n<!-- \/ Yoast SEO plugin. -->","yoast_head_json":{"title":"Chute d'Haut - Le Labo FR","robots":{"index":"index","follow":"follow","max-snippet":"max-snippet:-1","max-image-preview":"max-image-preview:large","max-video-preview":"max-video-preview:-1"},"canonical":"https:\/\/lelabo.ca\/fr\/chute-dhaut-2\/","og_locale":"fr_FR","og_type":"article","og_title":"Chute d'Haut - Le Labo FR","og_description":"Une pr\u00e9sentation du projet par les artistes suivi d\u2019une s\u00e9ance\u2028 de questions r\u00e9ponses aura lieu de 14h30 \u00e0 15h00. Exposition : 15 mai au 29 juin 2014 Adresse : Art Gallery of Mississauga, 300 City Centre Drive, Mississauga, ON L5B 3C1 Horaire d\u2019ouverture : Lun. mar. mer. &amp; ven. 10h-17h, jeu. 10h-20h, sam. &amp; dim.12h00-16h00 Informations\u00a0: www.lelabo.ca \u2013 info@lelabo.ca - 416 603 6566","og_url":"https:\/\/lelabo.ca\/fr\/chute-dhaut-2\/","og_site_name":"Le Labo FR","article_published_time":"2014-06-29T23:45:15+00:00","article_modified_time":"2015-12-11T21:21:05+00:00","author":"lelabo-adm","twitter_card":"summary_large_image","twitter_misc":{"\u00c9crit par":"lelabo-adm","Dur\u00e9e de lecture estim\u00e9e":"5 minutes"},"schema":{"@context":"https:\/\/schema.org","@graph":[{"@type":"WebPage","@id":"https:\/\/lelabo.ca\/fr\/chute-dhaut-2\/","url":"https:\/\/lelabo.ca\/fr\/chute-dhaut-2\/","name":"Chute d'Haut - Le Labo FR","isPartOf":{"@id":"https:\/\/lelabo.ca\/fr\/#website"},"primaryImageOfPage":{"@id":"https:\/\/lelabo.ca\/fr\/chute-dhaut-2\/#primaryimage"},"image":{"@id":"https:\/\/lelabo.ca\/fr\/chute-dhaut-2\/#primaryimage"},"thumbnailUrl":"","datePublished":"2014-06-29T23:45:15+00:00","dateModified":"2015-12-11T21:21:05+00:00","author":{"@id":"https:\/\/lelabo.ca\/fr\/#\/schema\/person\/a1a47f247614136cb4727be37ca0acdf"},"breadcrumb":{"@id":"https:\/\/lelabo.ca\/fr\/chute-dhaut-2\/#breadcrumb"},"inLanguage":"fr-FR","potentialAction":[{"@type":"ReadAction","target":["https:\/\/lelabo.ca\/fr\/chute-dhaut-2\/"]}]},{"@type":"ImageObject","inLanguage":"fr-FR","@id":"https:\/\/lelabo.ca\/fr\/chute-dhaut-2\/#primaryimage","url":"","contentUrl":""},{"@type":"BreadcrumbList","@id":"https:\/\/lelabo.ca\/fr\/chute-dhaut-2\/#breadcrumb","itemListElement":[{"@type":"ListItem","position":1,"name":"Accueil","item":"https:\/\/lelabo.ca\/fr\/"},{"@type":"ListItem","position":2,"name":"Chute d&rsquo;Haut"}]},{"@type":"WebSite","@id":"https:\/\/lelabo.ca\/fr\/#website","url":"https:\/\/lelabo.ca\/fr\/","name":"Le Labo FR","description":"","potentialAction":[{"@type":"SearchAction","target":{"@type":"EntryPoint","urlTemplate":"https:\/\/lelabo.ca\/fr\/?s={search_term_string}"},"query-input":{"@type":"PropertyValueSpecification","valueRequired":true,"valueName":"search_term_string"}}],"inLanguage":"fr-FR"},{"@type":"Person","@id":"https:\/\/lelabo.ca\/fr\/#\/schema\/person\/a1a47f247614136cb4727be37ca0acdf","name":"lelabo-adm","url":"https:\/\/lelabo.ca\/fr\/author\/lelabo-adm\/"}]}},"_links":{"self":[{"href":"https:\/\/lelabo.ca\/fr\/wp-json\/wp\/v2\/posts\/483","targetHints":{"allow":["GET"]}}],"collection":[{"href":"https:\/\/lelabo.ca\/fr\/wp-json\/wp\/v2\/posts"}],"about":[{"href":"https:\/\/lelabo.ca\/fr\/wp-json\/wp\/v2\/types\/post"}],"author":[{"embeddable":true,"href":"https:\/\/lelabo.ca\/fr\/wp-json\/wp\/v2\/users\/1"}],"replies":[{"embeddable":true,"href":"https:\/\/lelabo.ca\/fr\/wp-json\/wp\/v2\/comments?post=483"}],"version-history":[{"count":1,"href":"https:\/\/lelabo.ca\/fr\/wp-json\/wp\/v2\/posts\/483\/revisions"}],"predecessor-version":[{"id":5819,"href":"https:\/\/lelabo.ca\/fr\/wp-json\/wp\/v2\/posts\/483\/revisions\/5819"}],"wp:featuredmedia":[{"embeddable":true,"href":"https:\/\/lelabo.ca\/fr\/wp-json\/"}],"wp:attachment":[{"href":"https:\/\/lelabo.ca\/fr\/wp-json\/wp\/v2\/media?parent=483"}],"wp:term":[{"taxonomy":"category","embeddable":true,"href":"https:\/\/lelabo.ca\/fr\/wp-json\/wp\/v2\/categories?post=483"},{"taxonomy":"post_tag","embeddable":true,"href":"https:\/\/lelabo.ca\/fr\/wp-json\/wp\/v2\/tags?post=483"}],"curies":[{"name":"wp","href":"https:\/\/api.w.org\/{rel}","templated":true}]}}